{"id":1887,"date":"2020-10-19T09:43:41","date_gmt":"2020-10-19T07:43:41","guid":{"rendered":"https:\/\/sv-koerne83.de\/wordpress\/?p=1887"},"modified":"2020-10-19T09:43:42","modified_gmt":"2020-10-19T07:43:42","slug":"d2-jugend-mit-neuen-trikots","status":"publish","type":"post","link":"https:\/\/sv-koerne83.de\/wordpress\/2020\/10\/19\/d2-jugend-mit-neuen-trikots\/","title":{"rendered":"D2-Jugend mit neuen Trikots"},"content":{"rendered":"\n<p>Die Spieler der <strong>D2-Jugend<\/strong> freuen sich, zusammen mit ihrem Trainer Thomas Meier \u00fcber einen neuen Trikotsatz. Ein gro\u00dfes Dankesch\u00f6n geht an den Trikotsponsor <strong>Andreas B\u00f6hmer <\/strong>von der <strong>Deutschen Verm\u00f6gensberatung<\/strong>.<\/p>\n\n\n\n<p>Schon am Samstag wurde die neuen Trikots getragen. Leider verlor das Team ihr Testspiel gegen Westfalia Kirchlinde 6:0. Am 31.10.2020 steht das n\u00e4chste Meisterschaftsspiel gegen den H\u00f6rder SC II an.<\/p>\n","protected":false},"excerpt":{"rendered":"<p>Die Spieler der D2-Jugend freuen sich, zusammen mit ihrem Trainer Thomas Meier \u00fcber einen neuen Trikotsatz. Ein gro\u00dfes Dankesch\u00f6n geht an den Trikotsponsor Andreas B\u00f6hmer von der Deutschen Verm\u00f6gensberatung. Schon [&hellip;]<\/p>\n","protected":false},"author":2,"featured_media":1886,"comment_status":"closed","ping_status":"open","sticky":false,"template":"","format":"standard","meta":{"_jetpack_memberships_contains_paid_content":false,"footnotes":""},"categories":[35],"tags":[],"class_list":["post-1887","post","type-post","status-publish","format-standard","has-post-thumbnail","hentry","category-jugend"],"jetpack_sharing_enabled":true,"jetpack_featured_media_url":"https:\/\/sv-koerne83.de\/wordpress\/wp-content\/uploads\/2020\/10\/img_3869-1.jpg","_links":{"self":[{"href":"https:\/\/sv-koerne83.de\/wordpress\/wp-json\/wp\/v2\/posts\/1887","targetHints":{"allow":["GET"]}}],"collection":[{"href":"https:\/\/sv-koerne83.de\/wordpress\/wp-json\/wp\/v2\/posts"}],"about":[{"href":"https:\/\/sv-koerne83.de\/wordpress\/wp-json\/wp\/v2\/types\/post"}],"author":[{"embeddable":true,"href":"https:\/\/sv-koerne83.de\/wordpress\/wp-json\/wp\/v2\/users\/2"}],"replies":[{"embeddable":true,"href":"https:\/\/sv-koerne83.de\/wordpress\/wp-json\/wp\/v2\/comments?post=1887"}],"version-history":[{"count":1,"href":"https:\/\/sv-koerne83.de\/wordpress\/wp-json\/wp\/v2\/posts\/1887\/revisions"}],"predecessor-version":[{"id":1888,"href":"https:\/\/sv-koerne83.de\/wordpress\/wp-json\/wp\/v2\/posts\/1887\/revisions\/1888"}],"wp:featuredmedia":[{"embeddable":true,"href":"https:\/\/sv-koerne83.de\/wordpress\/wp-json\/wp\/v2\/media\/1886"}],"wp:attachment":[{"href":"https:\/\/sv-koerne83.de\/wordpress\/wp-json\/wp\/v2\/media?parent=1887"}],"wp:term":[{"taxonomy":"category","embeddable":true,"href":"https:\/\/sv-koerne83.de\/wordpress\/wp-json\/wp\/v2\/categories?post=1887"},{"taxonomy":"post_tag","embeddable":true,"href":"https:\/\/sv-koerne83.de\/wordpress\/wp-json\/wp\/v2\/tags?post=1887"}],"curies":[{"name":"wp","href":"https:\/\/api.w.org\/{rel}","templated":true}]}}