{"id":1890,"date":"2020-10-19T10:24:58","date_gmt":"2020-10-19T08:24:58","guid":{"rendered":"https:\/\/sv-koerne83.de\/wordpress\/?p=1890"},"modified":"2020-10-19T10:24:58","modified_gmt":"2020-10-19T08:24:58","slug":"zweite-mannschaft-mit-auswaertsniederlage","status":"publish","type":"post","link":"https:\/\/sv-koerne83.de\/wordpress\/2020\/10\/19\/zweite-mannschaft-mit-auswaertsniederlage\/","title":{"rendered":"Zweite Mannschaft mit Ausw\u00e4rtsniederlage"},"content":{"rendered":"\n<p>Die zweite Mannschaft verlor am gestrigen Sonntag ihr Ausw\u00e4rtsspiel bei TuRa Asseln mit 7:0. Bereits zur Pause lag die Mannschaft von Andree Schmitz mit 5:0 in R\u00fcckstand. In der zweiten H\u00e4lfte trafen die Asselner noch zweimal ins K\u00f6rner Tor.<\/p>\n\n\n\n<h3 class=\"wp-block-heading\">Dritte Mannschaft mit Aufholjagd<\/h3>\n\n\n\n<p>Die dritte Mannschaft konnte ihr Spiel gegen den FC Dortmund 18 mit 3:2 gewinnen. Bis zur 74. Minute lag das Team von Christopher Koebel und Ufuk Serdar noch mit 2:0 in R\u00fcckstand. In den letzten 15 Minuten drehte das Team jedoch das Spiel. Dennis J\u00fcrgens war mit seinen zwei Treffern ma\u00dfgeblich an der Aufholjagd beteiligt. Linus Paelke traf 3 Minuten vor Abpfiff zum 3:2 Siegtreffer.<\/p>\n\n\n\n<p>Die vierte Mannschaft gewann ihr Heimspiel gegen den FC Dortmund 18 II mit 6:1. Sebastian Arnold hatte mit seinen 4 Treffern gro\u00dfen Anteil an diesem Erfolg. Die weiteren Tore erzielten Gerrit Weber und Nils Meuche.<\/p>\n\n\n\n<h3 class=\"wp-block-heading\">Frauen starten mit Unentschieden<\/h3>\n\n\n\n<p>Die Frauen kamen in ihrem Ausw\u00e4rtsspiel gegen Eintracht Dorstfeld II nicht \u00fcber ein 1:1 hinaus. Die Unterzahl der Gegnerinnen konnte leider nicht zielstrebig genug ausgenutzt werden. In der 62. Minute konnte jedoch Angela Taubenheim die 1:0 F\u00fchrung erzielen. 3 Minuten vor dem Abpfiff glich der Gastgeber jedoch zum 1:1 Endstand aus.<\/p>\n","protected":false},"excerpt":{"rendered":"<p>Die zweite Mannschaft verlor am gestrigen Sonntag ihr Ausw\u00e4rtsspiel bei TuRa Asseln mit 7:0. Bereits zur Pause lag die Mannschaft von Andree Schmitz mit 5:0 in R\u00fcckstand. In der zweiten [&hellip;]<\/p>\n","protected":false},"author":2,"featured_media":1889,"comment_status":"closed","ping_status":"open","sticky":false,"template":"","format":"standard","meta":{"_jetpack_memberships_contains_paid_content":false,"footnotes":""},"categories":[31,32,33,1,45],"tags":[],"class_list":["post-1890","post","type-post","status-publish","format-standard","has-post-thumbnail","hentry","category-2-mannschaft","category-3-mannschaft","category-4-mannschaft","category-allgemein","category-frauen"],"jetpack_sharing_enabled":true,"jetpack_featured_media_url":"https:\/\/sv-koerne83.de\/wordpress\/wp-content\/uploads\/2020\/10\/img_3870.jpg","_links":{"self":[{"href":"https:\/\/sv-koerne83.de\/wordpress\/wp-json\/wp\/v2\/posts\/1890","targetHints":{"allow":["GET"]}}],"collection":[{"href":"https:\/\/sv-koerne83.de\/wordpress\/wp-json\/wp\/v2\/posts"}],"about":[{"href":"https:\/\/sv-koerne83.de\/wordpress\/wp-json\/wp\/v2\/types\/post"}],"author":[{"embeddable":true,"href":"https:\/\/sv-koerne83.de\/wordpress\/wp-json\/wp\/v2\/users\/2"}],"replies":[{"embeddable":true,"href":"https:\/\/sv-koerne83.de\/wordpress\/wp-json\/wp\/v2\/comments?post=1890"}],"version-history":[{"count":1,"href":"https:\/\/sv-koerne83.de\/wordpress\/wp-json\/wp\/v2\/posts\/1890\/revisions"}],"predecessor-version":[{"id":1891,"href":"https:\/\/sv-koerne83.de\/wordpress\/wp-json\/wp\/v2\/posts\/1890\/revisions\/1891"}],"wp:featuredmedia":[{"embeddable":true,"href":"https:\/\/sv-koerne83.de\/wordpress\/wp-json\/wp\/v2\/media\/1889"}],"wp:attachment":[{"href":"https:\/\/sv-koerne83.de\/wordpress\/wp-json\/wp\/v2\/media?parent=1890"}],"wp:term":[{"taxonomy":"category","embeddable":true,"href":"https:\/\/sv-koerne83.de\/wordpress\/wp-json\/wp\/v2\/categories?post=1890"},{"taxonomy":"post_tag","embeddable":true,"href":"https:\/\/sv-koerne83.de\/wordpress\/wp-json\/wp\/v2\/tags?post=1890"}],"curies":[{"name":"wp","href":"https:\/\/api.w.org\/{rel}","templated":true}]}}