{"id":1892,"date":"2020-10-23T09:40:41","date_gmt":"2020-10-23T07:40:41","guid":{"rendered":"https:\/\/sv-koerne83.de\/wordpress\/?p=1892"},"modified":"2020-10-23T09:40:42","modified_gmt":"2020-10-23T07:40:42","slug":"testspiele-im-jugendbereich","status":"publish","type":"post","link":"https:\/\/sv-koerne83.de\/wordpress\/2020\/10\/23\/testspiele-im-jugendbereich\/","title":{"rendered":"Testspiele im Jugendbereich"},"content":{"rendered":"\n<p>Am morgigen Samstag finden bei unseren Jugendmannschaften wieder Testspiele statt.<\/p>\n\n\n\n<p>Die <strong>D2-Jugend<\/strong> reist zum SC Husen-Kurl II. Ansto\u00df an der Husener Eichwaldstra\u00dfe ist um 12.30 Uhr.<\/p>\n\n\n\n<p>Die <strong>C-Jugend<\/strong> empf\u00e4ngt zum Testspiel die JSG Kirchh\u00f6rde II \/ Wellinghofen. Ansto\u00df am Winkelriedweg ist um 13.00 Uhr.<\/p>\n\n\n\n<p>Die <strong>B-Jugend<\/strong> bestreitet um 15.30 Uhr ein Testspiel gegen ESV Herne. Gespielt wird am Winkelriedweg.<\/p>\n","protected":false},"excerpt":{"rendered":"<p>Am morgigen Samstag finden bei unseren Jugendmannschaften wieder Testspiele statt. Die D2-Jugend reist zum SC Husen-Kurl II. Ansto\u00df an der Husener Eichwaldstra\u00dfe ist um 12.30 Uhr. Die C-Jugend empf\u00e4ngt zum [&hellip;]<\/p>\n","protected":false},"author":2,"featured_media":1740,"comment_status":"closed","ping_status":"open","sticky":false,"template":"","format":"standard","meta":{"_jetpack_memberships_contains_paid_content":false,"footnotes":""},"categories":[1,35],"tags":[],"class_list":["post-1892","post","type-post","status-publish","format-standard","has-post-thumbnail","hentry","category-allgemein","category-jugend"],"jetpack_sharing_enabled":true,"jetpack_featured_media_url":"https:\/\/sv-koerne83.de\/wordpress\/wp-content\/uploads\/2020\/09\/IMG-20200907-WA0001.jpg","_links":{"self":[{"href":"https:\/\/sv-koerne83.de\/wordpress\/wp-json\/wp\/v2\/posts\/1892","targetHints":{"allow":["GET"]}}],"collection":[{"href":"https:\/\/sv-koerne83.de\/wordpress\/wp-json\/wp\/v2\/posts"}],"about":[{"href":"https:\/\/sv-koerne83.de\/wordpress\/wp-json\/wp\/v2\/types\/post"}],"author":[{"embeddable":true,"href":"https:\/\/sv-koerne83.de\/wordpress\/wp-json\/wp\/v2\/users\/2"}],"replies":[{"embeddable":true,"href":"https:\/\/sv-koerne83.de\/wordpress\/wp-json\/wp\/v2\/comments?post=1892"}],"version-history":[{"count":1,"href":"https:\/\/sv-koerne83.de\/wordpress\/wp-json\/wp\/v2\/posts\/1892\/revisions"}],"predecessor-version":[{"id":1893,"href":"https:\/\/sv-koerne83.de\/wordpress\/wp-json\/wp\/v2\/posts\/1892\/revisions\/1893"}],"wp:featuredmedia":[{"embeddable":true,"href":"https:\/\/sv-koerne83.de\/wordpress\/wp-json\/wp\/v2\/media\/1740"}],"wp:attachment":[{"href":"https:\/\/sv-koerne83.de\/wordpress\/wp-json\/wp\/v2\/media?parent=1892"}],"wp:term":[{"taxonomy":"category","embeddable":true,"href":"https:\/\/sv-koerne83.de\/wordpress\/wp-json\/wp\/v2\/categories?post=1892"},{"taxonomy":"post_tag","embeddable":true,"href":"https:\/\/sv-koerne83.de\/wordpress\/wp-json\/wp\/v2\/tags?post=1892"}],"curies":[{"name":"wp","href":"https:\/\/api.w.org\/{rel}","templated":true}]}}