{"id":1906,"date":"2020-12-02T08:12:35","date_gmt":"2020-12-02T07:12:35","guid":{"rendered":"https:\/\/sv-koerne83.de\/wordpress\/?p=1906"},"modified":"2020-12-02T08:12:36","modified_gmt":"2020-12-02T07:12:36","slug":"eddy-hoffmann-blickt-auf-das-jahr-2020-zurueck","status":"publish","type":"post","link":"https:\/\/sv-koerne83.de\/wordpress\/2020\/12\/02\/eddy-hoffmann-blickt-auf-das-jahr-2020-zurueck\/","title":{"rendered":"Eddy Hoffmann blickt auf das Jahr 2020 zur\u00fcck"},"content":{"rendered":"\n<p>Nach der Mitteilung des FLVW (Fu\u00dfball- und Leichtathletik-Verband Westfalen), seine Vereine vorzeitig in die Winterpause zu schicken, kann bereits zu diesem ungew\u00f6hnlich fr\u00fchen Zeitpunkt die Frage gestellt werden, wie ein Jahresr\u00fcckblick auf das Jahr 2020 f\u00fcr einen Amateurverein ausf\u00e4llt- und zwar sowohl unter sportlichem Gesichtspunkt als auch hinsichtlich der Auswirkungen der Covid-19 Pandemie.<\/p>\n\n\n\n<p>Um dieses herauszufinden, habe ich dem langj\u00e4hrigen 1. Vorsitzenden des SV K\u00f6rne 83, Eddy Hoffmann, einige Fragen gestellt und ihn gebeten, seine Sicht und Einsch\u00e4tzung darzustellen.<\/p>\n\n\n\n<p>Hallo Eddy,<br>bevor wir uns mit den durch die Pandemie entstandenen Problemen f\u00fcr den Verein befassen, wie f\u00e4llt dein sportliches Fazit f\u00fcr das Jahr 2020 aus?<\/p>\n\n\n\n<blockquote class=\"wp-block-quote is-style-default is-layout-flow wp-block-quote-is-layout-flow\"><p>Zun\u00e4chst m\u00f6chte ich ganz allgemein feststellen, dass 2020 ist in meinen Augen ein gebrauchtes, allerdings kein verlorenes Jahr war. Es war ein Jahr mit gef\u00fchlten extremen H\u00f6hen und Tiefen! Die zweimalige Einstellung des Spielbetriebs war ein Desaster f\u00fcr jeden Verein.<br>Die Wertung der abgebrochenen Saison 2019\/20 hat sich f\u00fcr den SV K\u00f6rne 83 insgesamt positiv dargestellt! Der Abstieg der 2. Mannschaft wurde verhindert, und die 1. Senioren ist verdient aufgestiegen. Auch im Jugendbereich haben wir vom Abbruch profitiert. Trotzdem muss ich sagen, dass sich niemand so richtig gefreut hat, denn der Sport und die Emotionen fehlen einfach. Bittere Abstiege und euphorische Meisterschaften lassen sich nur live erleben.<\/p><\/blockquote>\n\n\n\n<p>Nun zu dem alle(s) beherrschenden Thema, das uns seit dem Fr\u00fchjahr im Griff hat: Covid-19<br>Wie habt ihr als Verein die Hygienevorgaben der Politik umgesetzt, um die Spiele durchf\u00fchren und den Trainingsbetrieb aufrecht erhalten zu k\u00f6nnen?<\/p>\n\n\n\n<blockquote class=\"wp-block-quote is-layout-flow wp-block-quote-is-layout-flow\"><p>Innerhalb k\u00fcrzester Zeit haben sich&nbsp;<strong>Tim und Sabrina Exner<\/strong>&nbsp;sachkundig gemacht. Das von ihnen ausgearbeitete Hygienekonzept wurde von offizieller Seite genehmigt und st\u00e4ndig aktualisiert. Desinfektionsmittel, Personalisierung, Abstandsregeln- alles wurde akribisch eingehalten und durchgef\u00fchrt.<\/p><p>Mit der Firma&nbsp;<strong>Ruhr Group<\/strong>&nbsp;(Gesch\u00e4ftsf\u00fchrer S. Specht) haben wir uns beratende Hilfe ins Boot geholt.<\/p><p>Die Helfer im Vereinsheim, Trainer und Betreuer haben alle mitgezogen.<br>Tausende Stunden ehrenamtlicher Arbeit wurden zus\u00e4tzlich geleistet, wobei Tim und Sabrina Exner sicherlich den Haupanteil geleistet haben.<\/p><\/blockquote>\n\n\n\n<p>Hat es angesichts der vielen Auflagen Probleme bei der Verteilung der Trainingszeiten gegeben?<\/p>\n\n\n\n<blockquote class=\"wp-block-quote is-layout-flow wp-block-quote-is-layout-flow\"><p>Wir haben die jeweiligen Trainingseinheiten zeitlich gek\u00fcrzt. Nach dem Trainingsende haben die Mitglieder die Anlage umgehend verlassen, 10 Minuten sp\u00e4ter durften die n\u00e4chsten Teams die Anlage betreten. Das hat ebenfalls reibungslos funktioniert.<\/p><\/blockquote>\n\n\n\n<p>Wie haben Spieler und Eltern auf die extrem eingeschr\u00e4nkten M\u00f6glichkeiten reagiert? Hat es zum Einstellen von Beitr\u00e4gen oder sogar Abmeldungen gef\u00fchrt?<\/p>\n\n\n\n<blockquote class=\"wp-block-quote is-layout-flow wp-block-quote-is-layout-flow\"><p>Nein, alle Vereinsmitglieder haben verst\u00e4ndnisvoll reagiert.<br>Bis auf die \u00fcblichen \u201eWanderpokale\u201c, die -salopp gesagt- des \u00d6fteren testen, wo die Currywurst am besten schmeckt, hat es keine nennenswerten Abg\u00e4nge gegeben. Im Gegenteil, nach der Lockerung ist ein extremer Zulauf eingetreten, was zur Folge hatte, dass wir in drei Altersklassen leider einen Aufnahmestopp aussprechen mussten.<br>Auch die arg gebeutelten Mitglieder der \u201eBody Shape\u201c Truppe, die seit ihrer Gr\u00fcndung vor 11 Monaten 5 Monate nicht in die Turnhalle durften, bleiben dem Verein ausnahmslos treu. Erfreulicherweise hat sich nach siebenj\u00e4hriger Pause in diesem Jahr auch wieder eine Frauenmannschaft gebildet, die nur darauf wartet, endlich kontinuierlich im Ligabetrieb vor den Ball treten zu k\u00f6nnen.<\/p><\/blockquote>\n\n\n\n<p>W\u00fcrdest du sagen, dass sich das Vereinsleben unter Corona ver\u00e4ndert hat? Wenn neben den wegfallenden Kontakten w\u00e4hrend des Trainings und der Spiele auch das Vereinsheim als Treffpunkt f\u00fcr die Pflege sozialer Kontakte geschlossen bleiben musste, k\u00f6nnte ich mir vorstellen, dass die Bindung zum Verein lockerer wird oder sogar verloren geht.<\/p>\n\n\n\n<blockquote class=\"wp-block-quote is-layout-flow wp-block-quote-is-layout-flow\"><p>Wir sind alle momentan zwar r\u00e4umlich getrennt, allerdings habe ich den Eindruck, dass wir insgesamt n\u00e4her zusammenger\u00fcckt sind.<br>Die zahlreichen neuen Aufgaben, die in ihrer Vielfalt und Komplexit\u00e4t den Verein anfangs wie eine Lawine zu \u00fcberrollen drohten, wurden gemeinsam angegangen und bestm\u00f6glich gel\u00f6st. All dieses h\u00e4tte ohne den f\u00fcr den Verein charakteristischen Zusammenhalt auf allen Ebenen nicht gemeistert werden k\u00f6nnen.<\/p><\/blockquote>\n\n\n\n<p>Was hat der Verein unternommen, um der zeitweiligen Tristesse und dem unterbrochenen Spielbetrieb Gegenpole zu setzen?<\/p>\n\n\n\n<blockquote class=\"wp-block-quote is-layout-flow wp-block-quote-is-layout-flow\"><p>Neben der&nbsp;<strong>Aufstiegsfeier&nbsp;<\/strong>der 1.Mannschaft im Juni hat der Verein im Juli ein zweiw\u00f6chiges&nbsp;<strong>Sommercamp&nbsp;<\/strong>f\u00fcr Kinder und Jugendliche angeboten. Der&nbsp;<strong>Travestiek\u00fcnstler Antonella Rossi&nbsp;<\/strong>hat auf der Sportanlage des Vereins am 04.Juli sein Programm pr\u00e4sentiert.<br>Am 15.August hat der Verein als Veranstalter den&nbsp;<strong>37. K\u00f6rner Treff&nbsp;<\/strong>durchgef\u00fchrt, ebenfalls auf der Sportanlage und selbstverst\u00e4ndlich unter Beachtung der Hygienevorgaben.<\/p><\/blockquote>\n\n\n\n<p>Der Spruch \u201cOhne Moos nichts los!\u201c f\u00fchrt uns zum finanziellen Aspekt in Krisenzeiten. Wie stellt sich dieser Aspekt f\u00fcr deinen Verein dar?<\/p>\n\n\n\n<blockquote class=\"wp-block-quote is-layout-flow wp-block-quote-is-layout-flow\"><p>Es ist ein offenes Geheimnis, dass sehr viele Vereine, ob im Profi- oder Amateurbereich, seit Monaten unter der Last fehlender Einnahmen st\u00f6hnen und bis an den Rand des Existenzminimums geraten.<br>Die Spieltage und Jugendturniere fehlten im Fr\u00fchjahr. Das sind die Monate, wo wir das meiste Geld einnehmen. Im Sommer fehlte ein f\u00fcnfstelliger Betrag (Gewinn) in der Kasse. Im November und Dezember ist das Vereinsheim normalerweise f\u00fcr Weihnachtsfeiern ausgebucht. Es fehlen diesmal ca. 6000 \u20ac Umsatz.<\/p><\/blockquote>\n\n\n\n<p>Erfahren die Vereine eine finanzielle Unterst\u00fctzung seitens des Verbandes oder anderer Organisationen in Form einer Ausgleichsentsch\u00e4digung f\u00fcr verlorene Einnahmen?<\/p>\n\n\n\n<blockquote class=\"wp-block-quote is-layout-flow wp-block-quote-is-layout-flow\"><p>Beim ersten Lockdown haben Vereine, deren Existenz bedroht war, Zusch\u00fcsse bekommen. Das traf auf den SV K\u00f6rne 83 nicht zu, denn die Liquidit\u00e4t ist zu keinem Zeitpunkt gef\u00e4hrdet gewesen. Auch jetzt verf\u00fcgt der Verein \u00fcber finanzielle Reserven, um problemlos zu \u00fcberwintern.<br>Der Verein hat keine Angestellten, alle Helfer\/Trainer\/Betreuer erhalten finanzielle Entsch\u00e4digungen im Rahmen der Ehrenamt- bzw. \u00dcbungsleiterpauschalen. Dank dieser tollen Menschen ist es m\u00f6glich, den Verein ohne Zusch\u00fcsse finanziell gesund zu halten.<\/p><\/blockquote>\n\n\n\n<p>Wie verhalten sich in dieser Zeit die zahlreichen Sponsoren, die du im Laufe deiner Funktion als Vorsitzender akquiriert hast?<\/p>\n\n\n\n<blockquote class=\"wp-block-quote is-layout-flow wp-block-quote-is-layout-flow\"><p>Sponsoren und Akquisition h\u00f6rt sich so gesch\u00e4ftsm\u00e4\u00dfig an!! Passender ist: Der Verein hat schon eine gro\u00dfe Anzahl von Freunden und G\u00f6nnern!!! Es gibt G\u00f6nner, die \u00fcber drei Jahrzehnte den SV K\u00f6rne 83 unterst\u00fctzen. Die durch die Pandemie ebenfalls leidenden Werbepartner haben wir bereits im Fr\u00fchjahr informiert, dass wir die Werbungskosten bis zum Sommer 2021 nicht in Rechnung stellen werden.<\/p><\/blockquote>\n\n\n\n<p>Werden Forderungen oder Arbeiten f\u00fcr Dinge ausgesetzt, die in regelm\u00e4\u00dfigen Abst\u00e4nden anfallen, wie z.B. die Pflege des Kunstrasenplatzes, die Wartung der Beleuchtungsanlage, die GEMA Kosten, um nur einige Posten zu nennen.<\/p>\n\n\n\n<blockquote class=\"wp-block-quote is-layout-flow wp-block-quote-is-layout-flow\"><p>Alle Arbeiten und Kosten fallen weiterhin an, lediglich die Verbrauchskosten sinken. Allein an Zinsbelastung f\u00fcr den Umbau auf Kunstrasen m\u00fcssen wir j\u00e4hrlich 5.200,00 \u20ac aufbringen. Vereine, die \u00fcber st\u00e4dtische Sportanlagen verf\u00fcgen, d\u00fcrfen es viel entspannter angehen.<\/p><\/blockquote>\n\n\n\n<p>Wenn dir die ber\u00fchmte Fee drei W\u00fcnsche f\u00fcr dich pers\u00f6nlich und den SV K\u00f6rne 83 erf\u00fcllen w\u00fcrde, w\u00e4ren dies, dass \u2026<\/p>\n\n\n\n<blockquote class=\"wp-block-quote is-layout-flow wp-block-quote-is-layout-flow\"><p>\u2026 wir uns alle gesund in 2021 wiedersehen!<br>\u2026 die in 2020 gelernte Demut nicht wieder verloren geht!<br>\u2026 wir wieder gemeinsam Freude erleben und ausleben k\u00f6nnen!<\/p><\/blockquote>\n\n\n\n<p>Vielen Dank, Eddy, dass du dir die Zeit f\u00fcr diesen R\u00fcckblick auf ein au\u00dfergew\u00f6hnliches Jahr genommen hast \ud83d\ude42<\/p>\n\n\n\n<p>Ich w\u00fcnsche dir und deiner Familie eine besinnliche Weihnachtszeit, deinem Verein weiterhin alles Gute, und dass die Fee deine W\u00fcnsche erf\u00fcllt! Bleib gesund!<\/p>\n\n\n\n<p><em>Text: Volker Oestreicher<\/em><\/p>\n","protected":false},"excerpt":{"rendered":"<p>Nach der Mitteilung des FLVW (Fu\u00dfball- und Leichtathletik-Verband Westfalen), seine Vereine vorzeitig in die Winterpause zu schicken, kann bereits zu diesem ungew\u00f6hnlich fr\u00fchen Zeitpunkt die Frage gestellt werden, wie ein [&hellip;]<\/p>\n","protected":false},"author":2,"featured_media":1897,"comment_status":"closed","ping_status":"open","sticky":false,"template":"","format":"standard","meta":{"_jetpack_memberships_contains_paid_content":false,"footnotes":""},"categories":[1],"tags":[],"class_list":["post-1906","post","type-post","status-publish","format-standard","has-post-thumbnail","hentry","category-allgemein"],"jetpack_sharing_enabled":true,"jetpack_featured_media_url":"https:\/\/sv-koerne83.de\/wordpress\/wp-content\/uploads\/2020\/10\/img_3961-scaled.jpg","_links":{"self":[{"href":"https:\/\/sv-koerne83.de\/wordpress\/wp-json\/wp\/v2\/posts\/1906","targetHints":{"allow":["GET"]}}],"collection":[{"href":"https:\/\/sv-koerne83.de\/wordpress\/wp-json\/wp\/v2\/posts"}],"about":[{"href":"https:\/\/sv-koerne83.de\/wordpress\/wp-json\/wp\/v2\/types\/post"}],"author":[{"embeddable":true,"href":"https:\/\/sv-koerne83.de\/wordpress\/wp-json\/wp\/v2\/users\/2"}],"replies":[{"embeddable":true,"href":"https:\/\/sv-koerne83.de\/wordpress\/wp-json\/wp\/v2\/comments?post=1906"}],"version-history":[{"count":4,"href":"https:\/\/sv-koerne83.de\/wordpress\/wp-json\/wp\/v2\/posts\/1906\/revisions"}],"predecessor-version":[{"id":1911,"href":"https:\/\/sv-koerne83.de\/wordpress\/wp-json\/wp\/v2\/posts\/1906\/revisions\/1911"}],"wp:featuredmedia":[{"embeddable":true,"href":"https:\/\/sv-koerne83.de\/wordpress\/wp-json\/wp\/v2\/media\/1897"}],"wp:attachment":[{"href":"https:\/\/sv-koerne83.de\/wordpress\/wp-json\/wp\/v2\/media?parent=1906"}],"wp:term":[{"taxonomy":"category","embeddable":true,"href":"https:\/\/sv-koerne83.de\/wordpress\/wp-json\/wp\/v2\/categories?post=1906"},{"taxonomy":"post_tag","embeddable":true,"href":"https:\/\/sv-koerne83.de\/wordpress\/wp-json\/wp\/v2\/tags?post=1906"}],"curies":[{"name":"wp","href":"https:\/\/api.w.org\/{rel}","templated":true}]}}