{"id":1933,"date":"2021-03-09T14:48:54","date_gmt":"2021-03-09T13:48:54","guid":{"rendered":"https:\/\/sv-koerne83.de\/wordpress\/?p=1933"},"modified":"2021-03-09T14:48:55","modified_gmt":"2021-03-09T13:48:55","slug":"1500-euro-fuer-den-waermebus-dortmund","status":"publish","type":"post","link":"https:\/\/sv-koerne83.de\/wordpress\/2021\/03\/09\/1500-euro-fuer-den-waermebus-dortmund\/","title":{"rendered":"1500 Euro f\u00fcr den W\u00e4rmebus Dortmund"},"content":{"rendered":"\n<p>Was im Ursprung als reine Lauf-Challenge gedacht war, entwickelte sich mit der Zeit zu einem komplexeren und abwechslungsreichen Wettbewerb.<br>Das angestrebte Ziel, 750 km in 4 Wochen zu laufen, war so schnell in Sichtweite, dass sich das Trainerteam neue Trainingsreize ausdachte.<\/p>\n\n\n\n<h2 class=\"wp-block-heading\">Fahrr\u00e4der aus dem Winterschlaf!<\/h2>\n\n\n\n<p>Dem aktuellen Outdoor-Trend folgend, mussten die Spieler der 1.Mannschaft ihre Fahrr\u00e4der nun auf Fahrtauglichkeit \u00fcberpr\u00fcfen und sich den Herausforderungen einer Fahrradtour stellen. Auf einer gesamten Streckenl\u00e4nge von etwas mehr als 30km mussten die Sportanlagen von Westfalia Wickede, Husen-Kurl und Teutonia Lanstrop angeradelt werden.<\/p>\n\n\n\n<h2 class=\"wp-block-heading\">Schnitzeljagd mal per Rad<\/h2>\n\n\n\n<p>Einmal auf den Radgeschmack gekommen, stand in der Folge noch eine Fahrrad-Schnitzeljagd auf dem Programm.<br>An verschiedenen Zielen wie u.a. dem Phoenix-See oder der Finn(en)bahn in der Bolmke mussten entweder k\u00f6rperliche und\/oder geistige Aufgaben erledigt werden.<br>Die Wissensfragen drehten sich zum gr\u00f6\u00dften Teil um den Verein.<br>Dazu hatte sich das Organisationsteam z.B. Fragen wie \u201eWann hat der 1.Vorsitzende Geburtstag?\u201c, \u201eWie ging das Aufstiegsspiel 2006 aus?\u201c oder \u201eWer sind die Ehrenmitglieder des Vereins?\u201c ausgedacht.<\/p>\n\n\n\n<h2 class=\"wp-block-heading\">Gelungenes Projekt<\/h2>\n\n\n\n<p>Am Ende dieser au\u00dfergew\u00f6hnlichen Vorbereitungsphase auf die m\u00f6glicherweise fortgesetzte Saison konnte ein sehr positives Fazit gezogen werden, das nicht nur auf die Spendensumme zur\u00fcckzuf\u00fchren ist.<br>Der Spa\u00dffaktor sowie der vielf\u00e4ltige Heraus~ und Anforderungscharakter spielten eine besondere Rolle und best\u00e4tigten erneut die Geschlossenheit des gesamten Teams, bestehend aus Spielern und Trainern.<\/p>\n\n\n\n<h2 class=\"wp-block-heading\">Soziales Engagement<\/h2>\n\n\n\n<p>Animiert von der dieser Lauf-Challenge zugrunde liegenden Idee, neben dem Trainingseffekt einen sozialen Aspekt einflie\u00dfen zu lassen, steuerten zahlreiche dem Verein zugewandte Personen sowie der Verein selbst einen finanziellen Beitrag zur Gesamtsumme bei..<\/p>\n\n\n\n<p>Der Verein setzt mit dieser Aktion ein erneutes Zeichen seines sozialen Engagements und freut sich, mit der stolzen Spendensumme von\u00a0<strong>1500 Euro\u00a0<\/strong>etwas Gutes f\u00fcr die Obdachlosen in Dortmund leisten zu k\u00f6nnen.<\/p>\n\n\n\n<p><em>Text: Volker Oestreicher<\/em><\/p>\n","protected":false},"excerpt":{"rendered":"<p>Was im Ursprung als reine Lauf-Challenge gedacht war, entwickelte sich mit der Zeit zu einem komplexeren und abwechslungsreichen Wettbewerb.Das angestrebte Ziel, 750 km in 4 Wochen zu laufen, war so [&hellip;]<\/p>\n","protected":false},"author":2,"featured_media":1934,"comment_status":"closed","ping_status":"open","sticky":false,"template":"","format":"standard","meta":{"_jetpack_memberships_contains_paid_content":false,"footnotes":""},"categories":[1],"tags":[],"class_list":["post-1933","post","type-post","status-publish","format-standard","has-post-thumbnail","hentry","category-allgemein"],"jetpack_sharing_enabled":true,"jetpack_featured_media_url":"https:\/\/sv-koerne83.de\/wordpress\/wp-content\/uploads\/2021\/03\/11679560_XXL.jpg","_links":{"self":[{"href":"https:\/\/sv-koerne83.de\/wordpress\/wp-json\/wp\/v2\/posts\/1933","targetHints":{"allow":["GET"]}}],"collection":[{"href":"https:\/\/sv-koerne83.de\/wordpress\/wp-json\/wp\/v2\/posts"}],"about":[{"href":"https:\/\/sv-koerne83.de\/wordpress\/wp-json\/wp\/v2\/types\/post"}],"author":[{"embeddable":true,"href":"https:\/\/sv-koerne83.de\/wordpress\/wp-json\/wp\/v2\/users\/2"}],"replies":[{"embeddable":true,"href":"https:\/\/sv-koerne83.de\/wordpress\/wp-json\/wp\/v2\/comments?post=1933"}],"version-history":[{"count":1,"href":"https:\/\/sv-koerne83.de\/wordpress\/wp-json\/wp\/v2\/posts\/1933\/revisions"}],"predecessor-version":[{"id":1935,"href":"https:\/\/sv-koerne83.de\/wordpress\/wp-json\/wp\/v2\/posts\/1933\/revisions\/1935"}],"wp:featuredmedia":[{"embeddable":true,"href":"https:\/\/sv-koerne83.de\/wordpress\/wp-json\/wp\/v2\/media\/1934"}],"wp:attachment":[{"href":"https:\/\/sv-koerne83.de\/wordpress\/wp-json\/wp\/v2\/media?parent=1933"}],"wp:term":[{"taxonomy":"category","embeddable":true,"href":"https:\/\/sv-koerne83.de\/wordpress\/wp-json\/wp\/v2\/categories?post=1933"},{"taxonomy":"post_tag","embeddable":true,"href":"https:\/\/sv-koerne83.de\/wordpress\/wp-json\/wp\/v2\/tags?post=1933"}],"curies":[{"name":"wp","href":"https:\/\/api.w.org\/{rel}","templated":true}]}}