{"id":1942,"date":"2021-04-14T15:51:14","date_gmt":"2021-04-14T13:51:14","guid":{"rendered":"https:\/\/sv-koerne83.de\/wordpress\/?p=1942"},"modified":"2021-04-14T15:51:15","modified_gmt":"2021-04-14T13:51:15","slug":"sv-koerne-spendiert-hoodies-t-shirts-und-regenjacken","status":"publish","type":"post","link":"https:\/\/sv-koerne83.de\/wordpress\/2021\/04\/14\/sv-koerne-spendiert-hoodies-t-shirts-und-regenjacken\/","title":{"rendered":"SV K\u00f6rne spendiert Hoodies, T-Shirts und Regenjacken"},"content":{"rendered":"\n<h2 class=\"wp-block-heading\">Wie kann man Vereinsmitgliedern in Corona-Zeiten eine Freude machen?<\/h2>\n\n\n\n<p>Diese Frage stellte sich der Vereinsvorsitzende<strong>&nbsp;Eddy Hoffmann&nbsp;<\/strong>und holte bei der L\u00f6sungssuche&nbsp;<strong>Tim Exner&nbsp;<\/strong>mit ins Boot.<\/p>\n\n\n\n<h2 class=\"wp-block-heading\">Tim Exners Ergebnis kann sich sehen lassen:<\/h2>\n\n\n\n<p>Inspiriert von einem Artikel \u00fcber die Essener Notfall\u00e4rztin Dr.Carola Holzner, die medial als &#8222;Doc Caro&#8220; einen gro\u00dfen Bekanntheitsgrad erreicht und den Begriff *m\u00fctend* (m\u00fcde und w\u00fctend) gepr\u00e4gt hat,\u00a0<strong>entwarf Tim\u00a0<\/strong>f\u00fcr Hoodies<strong>\u00a0eine Corona-Grafik<\/strong>\u00a0(<strong>siehe Foto<\/strong>) und umgab die Grafik mit einem Ausruf, der vielen derzeit leicht \u00fcber die Lippen geht :<\/p>\n\n\n\n<h2 class=\"wp-block-heading\">CORONA, HAU AB!<\/h2>\n\n\n\n<p>Die Kicker der<strong>\u00a0F- und G-Jugend\u00a0<\/strong>als erste Zielgruppe f\u00fcr diese Aktion waren hellauf begeistert, als sie die<strong>\u00a0roten Kapuzenpullis<\/strong>\u00a0w\u00e4hrend der Trainingszeit \u00fcberreicht bekamen.<\/p>\n\n\n\n<figure class=\"wp-block-image size-large\"><img loading=\"lazy\" decoding=\"async\" width=\"1024\" height=\"1024\" src=\"https:\/\/sv-koerne83.de\/wordpress\/wp-content\/uploads\/2021\/04\/svk_corona-1024x1024.png\" alt=\"\" class=\"wp-image-1944\" srcset=\"https:\/\/sv-koerne83.de\/wordpress\/wp-content\/uploads\/2021\/04\/svk_corona-1024x1024.png 1024w, https:\/\/sv-koerne83.de\/wordpress\/wp-content\/uploads\/2021\/04\/svk_corona-300x300.png 300w, https:\/\/sv-koerne83.de\/wordpress\/wp-content\/uploads\/2021\/04\/svk_corona-150x150.png 150w, https:\/\/sv-koerne83.de\/wordpress\/wp-content\/uploads\/2021\/04\/svk_corona-768x768.png 768w, https:\/\/sv-koerne83.de\/wordpress\/wp-content\/uploads\/2021\/04\/svk_corona-500x500.png 500w, https:\/\/sv-koerne83.de\/wordpress\/wp-content\/uploads\/2021\/04\/svk_corona-400x400.png 400w, https:\/\/sv-koerne83.de\/wordpress\/wp-content\/uploads\/2021\/04\/svk_corona-1536x1536.png 1536w, https:\/\/sv-koerne83.de\/wordpress\/wp-content\/uploads\/2021\/04\/svk_corona-2048x2048.png 2048w, https:\/\/sv-koerne83.de\/wordpress\/wp-content\/uploads\/2021\/04\/svk_corona-128x128.png 128w, https:\/\/sv-koerne83.de\/wordpress\/wp-content\/uploads\/2021\/04\/svk_corona-32x32.png 32w\" sizes=\"auto, (max-width: 1024px) 100vw, 1024px\" \/><\/figure>\n\n\n\n<p>Nachdem der Verein die Spendierhosen einmal angezogen hatte, wurden die\u00a0<strong>Jungen und M\u00e4dchen der D- und E- Jugend mit T-Shirts mit SV-K\u00f6rne Vereinslogo<\/strong>\u00a0ausgestattet.<\/p>\n\n\n\n<p><strong>Die Frauen der \u201eBodyshape\u201c Gruppe<\/strong>, die im ersten Jahr ihres Bestehens ihren K\u00f6rper im Kreis der Gruppe kaum in Form bringen konnten und lediglich beim K\u00f6rner Treff einen kleinen Auftritt hatten,&nbsp;<strong>erhielten&nbsp;<\/strong>zum Trost und als Dank f\u00fcr ihre Treue&nbsp;<strong>SV K\u00f6rne-Regenjacken<\/strong>.<\/p>\n\n\n\n<h2 class=\"wp-block-heading\">Geschenke im Gesamtwert von 2.900 \u20ac.<\/h2>\n\n\n\n<p>Mit diesen Geschenken setzt der Verein ein weiteres Zeichen f\u00fcr sein Engagement und seine F\u00fcrsorge gegen\u00fcber seinen Mitgliedern, ein Zeichen, das in diesen schweren Zeiten mit vielen Herausforderungen und Entbehrungen ein positives Signal ist.<\/p>\n\n\n\n<p><em>Text: Volker Oestreicher<\/em><\/p>\n","protected":false},"excerpt":{"rendered":"<p>Wie kann man Vereinsmitgliedern in Corona-Zeiten eine Freude machen? Diese Frage stellte sich der Vereinsvorsitzende&nbsp;Eddy Hoffmann&nbsp;und holte bei der L\u00f6sungssuche&nbsp;Tim Exner&nbsp;mit ins Boot. Tim Exners Ergebnis kann sich sehen lassen: [&hellip;]<\/p>\n","protected":false},"author":2,"featured_media":1943,"comment_status":"closed","ping_status":"open","sticky":false,"template":"","format":"standard","meta":{"_jetpack_memberships_contains_paid_content":false,"footnotes":""},"categories":[1],"tags":[],"class_list":["post-1942","post","type-post","status-publish","format-standard","has-post-thumbnail","hentry","category-allgemein"],"jetpack_sharing_enabled":true,"jetpack_featured_media_url":"https:\/\/sv-koerne83.de\/wordpress\/wp-content\/uploads\/2021\/04\/fc7475d2-6b77-4a61-8f5a-e32e2a4e1cd7.jpg","_links":{"self":[{"href":"https:\/\/sv-koerne83.de\/wordpress\/wp-json\/wp\/v2\/posts\/1942","targetHints":{"allow":["GET"]}}],"collection":[{"href":"https:\/\/sv-koerne83.de\/wordpress\/wp-json\/wp\/v2\/posts"}],"about":[{"href":"https:\/\/sv-koerne83.de\/wordpress\/wp-json\/wp\/v2\/types\/post"}],"author":[{"embeddable":true,"href":"https:\/\/sv-koerne83.de\/wordpress\/wp-json\/wp\/v2\/users\/2"}],"replies":[{"embeddable":true,"href":"https:\/\/sv-koerne83.de\/wordpress\/wp-json\/wp\/v2\/comments?post=1942"}],"version-history":[{"count":2,"href":"https:\/\/sv-koerne83.de\/wordpress\/wp-json\/wp\/v2\/posts\/1942\/revisions"}],"predecessor-version":[{"id":1946,"href":"https:\/\/sv-koerne83.de\/wordpress\/wp-json\/wp\/v2\/posts\/1942\/revisions\/1946"}],"wp:featuredmedia":[{"embeddable":true,"href":"https:\/\/sv-koerne83.de\/wordpress\/wp-json\/wp\/v2\/media\/1943"}],"wp:attachment":[{"href":"https:\/\/sv-koerne83.de\/wordpress\/wp-json\/wp\/v2\/media?parent=1942"}],"wp:term":[{"taxonomy":"category","embeddable":true,"href":"https:\/\/sv-koerne83.de\/wordpress\/wp-json\/wp\/v2\/categories?post=1942"},{"taxonomy":"post_tag","embeddable":true,"href":"https:\/\/sv-koerne83.de\/wordpress\/wp-json\/wp\/v2\/tags?post=1942"}],"curies":[{"name":"wp","href":"https:\/\/api.w.org\/{rel}","templated":true}]}}