{"id":2018,"date":"2021-06-19T17:01:30","date_gmt":"2021-06-19T15:01:30","guid":{"rendered":"https:\/\/sv-koerne83.de\/wordpress\/?p=2018"},"modified":"2021-06-19T17:01:30","modified_gmt":"2021-06-19T15:01:30","slug":"b-jugend-vor-dem-ersten-testspiel-2021","status":"publish","type":"post","link":"https:\/\/sv-koerne83.de\/wordpress\/2021\/06\/19\/b-jugend-vor-dem-ersten-testspiel-2021\/","title":{"rendered":"B-Jugend vor dem ersten Testspiel 2021"},"content":{"rendered":"\n<p>Das Warten hat endlich ein Ende.<\/p>\n\n\n\n<p>Nach sieben Monaten Coronapause bestreitet unsere B-Jugend am morgigen Sonntag endlich wieder ein Freundschaftsspiel.<\/p>\n\n\n\n<p>Der erste Gegner wird die C1 vom FC Br\u00fcnninghausen sein.<br>Die Mannschaft von Trainer Lukas Greis spielt in der kommenden Saison weiterhin in der Bezirksliga. Da durch Corona die Saison nicht abgebrochen wurde, konnte das Team den Aufstieg leider nicht schaffen. Dies soll diese Saison nachgeholt werden.<\/p>\n\n\n\n<p>Ansto\u00df ist um 12.00 Uhr. Das Vereinsheim ist ge\u00f6ffnet. <br>Schiedsrichter der Partie wird Marco Pierotti sein.<\/p>\n\n\n\n<p>Wer also noch nichts Sonntag Mittag vorhat, kommt vorbei und genie\u00dft endlich wieder guten Fu\u00dfball im Affenk\u00e4fig.<\/p>\n","protected":false},"excerpt":{"rendered":"<p>Das Warten hat endlich ein Ende. Nach sieben Monaten Coronapause bestreitet unsere B-Jugend am morgigen Sonntag endlich wieder ein Freundschaftsspiel. Der erste Gegner wird die C1 vom FC Br\u00fcnninghausen sein.Die [&hellip;]<\/p>\n","protected":false},"author":3,"featured_media":2019,"comment_status":"closed","ping_status":"open","sticky":false,"template":"","format":"standard","meta":{"_jetpack_memberships_contains_paid_content":false,"footnotes":""},"categories":[1],"tags":[],"class_list":["post-2018","post","type-post","status-publish","format-standard","has-post-thumbnail","hentry","category-allgemein"],"jetpack_sharing_enabled":true,"jetpack_featured_media_url":"https:\/\/sv-koerne83.de\/wordpress\/wp-content\/uploads\/2021\/06\/20210619_142455-scaled.jpg","_links":{"self":[{"href":"https:\/\/sv-koerne83.de\/wordpress\/wp-json\/wp\/v2\/posts\/2018","targetHints":{"allow":["GET"]}}],"collection":[{"href":"https:\/\/sv-koerne83.de\/wordpress\/wp-json\/wp\/v2\/posts"}],"about":[{"href":"https:\/\/sv-koerne83.de\/wordpress\/wp-json\/wp\/v2\/types\/post"}],"author":[{"embeddable":true,"href":"https:\/\/sv-koerne83.de\/wordpress\/wp-json\/wp\/v2\/users\/3"}],"replies":[{"embeddable":true,"href":"https:\/\/sv-koerne83.de\/wordpress\/wp-json\/wp\/v2\/comments?post=2018"}],"version-history":[{"count":1,"href":"https:\/\/sv-koerne83.de\/wordpress\/wp-json\/wp\/v2\/posts\/2018\/revisions"}],"predecessor-version":[{"id":2020,"href":"https:\/\/sv-koerne83.de\/wordpress\/wp-json\/wp\/v2\/posts\/2018\/revisions\/2020"}],"wp:featuredmedia":[{"embeddable":true,"href":"https:\/\/sv-koerne83.de\/wordpress\/wp-json\/wp\/v2\/media\/2019"}],"wp:attachment":[{"href":"https:\/\/sv-koerne83.de\/wordpress\/wp-json\/wp\/v2\/media?parent=2018"}],"wp:term":[{"taxonomy":"category","embeddable":true,"href":"https:\/\/sv-koerne83.de\/wordpress\/wp-json\/wp\/v2\/categories?post=2018"},{"taxonomy":"post_tag","embeddable":true,"href":"https:\/\/sv-koerne83.de\/wordpress\/wp-json\/wp\/v2\/tags?post=2018"}],"curies":[{"name":"wp","href":"https:\/\/api.w.org\/{rel}","templated":true}]}}