{"id":2028,"date":"2021-06-23T16:52:28","date_gmt":"2021-06-23T14:52:28","guid":{"rendered":"https:\/\/sv-koerne83.de\/wordpress\/?p=2028"},"modified":"2021-06-23T16:52:29","modified_gmt":"2021-06-23T14:52:29","slug":"e2-erreicht-umkaempftes-44","status":"publish","type":"post","link":"https:\/\/sv-koerne83.de\/wordpress\/2021\/06\/23\/e2-erreicht-umkaempftes-44\/","title":{"rendered":"E2 erreicht umk\u00e4mpftes 4:4"},"content":{"rendered":"\n<p>Im ersten Spiel nach 8 Monaten Coronapause gelang der E2 ein 4:4 gegen die E2 der Dortmunder L\u00f6wen Brackel 61.<\/p>\n\n\n\n<p>In dem K\u00f6rner Affenk\u00e4fig, der bereits in den Morgenstunden einem Ofen glich, standen die Jungs von Trainer Andreas Lorenz von Beginn an unter Druck gegen spielstarke Brackeler. Die lange Pause schienen die G\u00e4ste besser weggesteckt zu haben. Der Ball zirkulierte sehenswert durch deren Reihen w\u00e4hrend sich der SV K\u00f6rne sichtlich schwer tat. Schnell fiel das 0:1. M\u00fchsam erk\u00e4mpften sich die Hausherren mehr Spielanteile und glichen durch einen Kopfball von Alexander nach einer Ecke aus. Brackel, die mit vielen Spielern angereist waren und flei\u00dfig durchwechseln konnten, gelang das 1:2, das wiederum Alexander ausgleichen konnte. Kurz vor dem Pausenpfiff fiel noch das 2:3 f\u00fcr die G\u00e4ste.&nbsp;<\/p>\n\n\n\n<p>Nach dem Seitenwechsel spielte K\u00f6rnes Stammkeeper Kjell im Feld, stabilisierte dort die Abwehr und gab auch merklich Impulse nach vorne. Die E2 vom SVK erzielte den mittlerweile verdienten Ausgleich durch den agilen Levi. Es gab nun einen offenen Schlagabtausch und viele Torraumszenen. Mit einem schnellen Angriff \u00fcber links gingen die G\u00e4ste erneut in F\u00fchrung. Kurz vor Schluss konnte Jaki durch einen verwandelten Handelfmeter zum leistungsgerechten 4:4 ausgleichen.<\/p>\n\n\n\n<p>Mit einem weiteren Freundschaftsspiel n\u00e4chsten Samstag in Nette endet die Saison f\u00fcr die E2. Die Truppe wird dann fast unver\u00e4ndert nach den Ferien als E1 f\u00fcr den SV K\u00f6rne 83 am Spielbetrieb teilnehmen.<\/p>\n","protected":false},"excerpt":{"rendered":"<p>Im ersten Spiel nach 8 Monaten Coronapause gelang der E2 ein 4:4 gegen die E2 der Dortmunder L\u00f6wen Brackel 61. In dem K\u00f6rner Affenk\u00e4fig, der bereits in den Morgenstunden einem [&hellip;]<\/p>\n","protected":false},"author":2,"featured_media":2027,"comment_status":"closed","ping_status":"open","sticky":false,"template":"","format":"standard","meta":{"_jetpack_memberships_contains_paid_content":false,"footnotes":""},"categories":[1,35],"tags":[],"class_list":["post-2028","post","type-post","status-publish","format-standard","has-post-thumbnail","hentry","category-allgemein","category-jugend"],"jetpack_sharing_enabled":true,"jetpack_featured_media_url":"https:\/\/sv-koerne83.de\/wordpress\/wp-content\/uploads\/2021\/06\/5C90BC5B-8A24-4390-BCE9-A18F355FEBAC-scaled.jpeg","_links":{"self":[{"href":"https:\/\/sv-koerne83.de\/wordpress\/wp-json\/wp\/v2\/posts\/2028","targetHints":{"allow":["GET"]}}],"collection":[{"href":"https:\/\/sv-koerne83.de\/wordpress\/wp-json\/wp\/v2\/posts"}],"about":[{"href":"https:\/\/sv-koerne83.de\/wordpress\/wp-json\/wp\/v2\/types\/post"}],"author":[{"embeddable":true,"href":"https:\/\/sv-koerne83.de\/wordpress\/wp-json\/wp\/v2\/users\/2"}],"replies":[{"embeddable":true,"href":"https:\/\/sv-koerne83.de\/wordpress\/wp-json\/wp\/v2\/comments?post=2028"}],"version-history":[{"count":1,"href":"https:\/\/sv-koerne83.de\/wordpress\/wp-json\/wp\/v2\/posts\/2028\/revisions"}],"predecessor-version":[{"id":2029,"href":"https:\/\/sv-koerne83.de\/wordpress\/wp-json\/wp\/v2\/posts\/2028\/revisions\/2029"}],"wp:featuredmedia":[{"embeddable":true,"href":"https:\/\/sv-koerne83.de\/wordpress\/wp-json\/wp\/v2\/media\/2027"}],"wp:attachment":[{"href":"https:\/\/sv-koerne83.de\/wordpress\/wp-json\/wp\/v2\/media?parent=2028"}],"wp:term":[{"taxonomy":"category","embeddable":true,"href":"https:\/\/sv-koerne83.de\/wordpress\/wp-json\/wp\/v2\/categories?post=2028"},{"taxonomy":"post_tag","embeddable":true,"href":"https:\/\/sv-koerne83.de\/wordpress\/wp-json\/wp\/v2\/tags?post=2028"}],"curies":[{"name":"wp","href":"https:\/\/api.w.org\/{rel}","templated":true}]}}