{"id":2051,"date":"2021-06-25T14:31:37","date_gmt":"2021-06-25T12:31:37","guid":{"rendered":"https:\/\/sv-koerne83.de\/wordpress\/?p=2051"},"modified":"2021-06-25T14:31:37","modified_gmt":"2021-06-25T12:31:37","slug":"b-jugend-startet-mit-remis-in-die-vorbereitung","status":"publish","type":"post","link":"https:\/\/sv-koerne83.de\/wordpress\/2021\/06\/25\/b-jugend-startet-mit-remis-in-die-vorbereitung\/","title":{"rendered":"B-Jugend startet mit Remis in die Vorbereitung"},"content":{"rendered":"\n<p>Am vergangen Sonntag war es endlich wieder so weit. Die B-Jugend bestritt endlich wieder ein Testspiel im Affenk\u00e4fig. <\/p>\n\n\n\n<p>Als erster Testspielgegner war die C1 des FC Br\u00fcnninghausen zu Gast. Beide Mannschaften begannen zun\u00e4chst abwartend. <\/p>\n\n\n\n<p>Der FCB ging verdient nach zwanzig Minuten in F\u00fchrung ein diagonaler Ball in die Spitze reichte um die K\u00f6rner Hintermannschaft auszuhebeln. K\u00f6rne hatte vorher allerdings auch zwei gute Chancen, die leider nicht verwertet wurden.<\/p>\n\n\n\n<p>Nach der Pause ein \u00e4hnliches Spiel. Br\u00fcnninghausen fightete um jeden Ball. Der Gastgeber versuchte die k\u00f6rperlichen Vorteile auszunutzen. Nach einer Ecke von Noel k\u00f6pfte Jonathan den Ausgleich. <\/p>\n\n\n\n<p>In der Schlussphase \u00fcberschlugen sich die Ereignisse. Zun\u00e4chst ging Br\u00fcnninghausen in der letzten Spielminute in F\u00fchrung. Danach tankte sich Jonathan \u00fcber die rechte Seite durch, sein Pass in die Spitze auf Shaka konnte der Keeper der G\u00e4ste noch parieren. Nahuel setzte entscheidend nach und erzielte den etwas gl\u00fccklichen Ausgleich. Fast h\u00e4tte des SVK das Spiel f\u00fcr sich noch entscheiden k\u00f6nnen. Jonathans Schuss ging aber knapp am Tor vorbei. <\/p>\n\n\n\n<p>Es bleibt viel zu tun f\u00fcr unsere B-Jugend. Es fehlte die Einstellung zum Spiel, sich auch gegen eine C-Jugend qu\u00e4len zu m\u00fcssen. Wenn dies nicht in die K\u00f6pfe der Spieler reingeht, jedes Spiel und jedes Training 100 % zu geben,  wird es eine schwere Saison.<\/p>\n\n\n\n<p>SV K\u00f6rne 83 &#8211; FC Br\u00fcnninghausen C1  2:2 (0:1 )<br>Aufstellung: 1 Halidov, 2 Boye-Sekan, 4 Al Ahmad, 5 Khassyanov, 8 Agostinho Loa, 9 Kaguru, 10 Gettel, 15 Arispe (c), 16 Miankeba, 17 Mmegwa (25. 7 Abed Alrahman), 19 Amhaouch (30. 14 Alfarakh)<\/p>\n\n\n\n<p>Tore: 0:1 (20.), 1:1 Mmegwa (71.), 1:2 (80.) 2:2 Arispe (80+3)<\/p>\n\n\n\n<p><\/p>\n","protected":false},"excerpt":{"rendered":"<p>Am vergangen Sonntag war es endlich wieder so weit. Die B-Jugend bestritt endlich wieder ein Testspiel im Affenk\u00e4fig. Als erster Testspielgegner war die C1 des FC Br\u00fcnninghausen zu Gast. Beide [&hellip;]<\/p>\n","protected":false},"author":3,"featured_media":1677,"comment_status":"closed","ping_status":"open","sticky":false,"template":"","format":"standard","meta":{"_jetpack_memberships_contains_paid_content":false,"footnotes":""},"categories":[1,35],"tags":[],"class_list":["post-2051","post","type-post","status-publish","format-standard","has-post-thumbnail","hentry","category-allgemein","category-jugend"],"jetpack_sharing_enabled":true,"jetpack_featured_media_url":"https:\/\/sv-koerne83.de\/wordpress\/wp-content\/uploads\/2020\/08\/IMG-20200824-WA0005.jpg","_links":{"self":[{"href":"https:\/\/sv-koerne83.de\/wordpress\/wp-json\/wp\/v2\/posts\/2051","targetHints":{"allow":["GET"]}}],"collection":[{"href":"https:\/\/sv-koerne83.de\/wordpress\/wp-json\/wp\/v2\/posts"}],"about":[{"href":"https:\/\/sv-koerne83.de\/wordpress\/wp-json\/wp\/v2\/types\/post"}],"author":[{"embeddable":true,"href":"https:\/\/sv-koerne83.de\/wordpress\/wp-json\/wp\/v2\/users\/3"}],"replies":[{"embeddable":true,"href":"https:\/\/sv-koerne83.de\/wordpress\/wp-json\/wp\/v2\/comments?post=2051"}],"version-history":[{"count":1,"href":"https:\/\/sv-koerne83.de\/wordpress\/wp-json\/wp\/v2\/posts\/2051\/revisions"}],"predecessor-version":[{"id":2052,"href":"https:\/\/sv-koerne83.de\/wordpress\/wp-json\/wp\/v2\/posts\/2051\/revisions\/2052"}],"wp:featuredmedia":[{"embeddable":true,"href":"https:\/\/sv-koerne83.de\/wordpress\/wp-json\/wp\/v2\/media\/1677"}],"wp:attachment":[{"href":"https:\/\/sv-koerne83.de\/wordpress\/wp-json\/wp\/v2\/media?parent=2051"}],"wp:term":[{"taxonomy":"category","embeddable":true,"href":"https:\/\/sv-koerne83.de\/wordpress\/wp-json\/wp\/v2\/categories?post=2051"},{"taxonomy":"post_tag","embeddable":true,"href":"https:\/\/sv-koerne83.de\/wordpress\/wp-json\/wp\/v2\/tags?post=2051"}],"curies":[{"name":"wp","href":"https:\/\/api.w.org\/{rel}","templated":true}]}}