{"id":2062,"date":"2021-06-27T13:12:25","date_gmt":"2021-06-27T11:12:25","guid":{"rendered":"https:\/\/sv-koerne83.de\/wordpress\/?p=2062"},"modified":"2021-06-27T13:12:26","modified_gmt":"2021-06-27T11:12:26","slug":"e2-siegt-am-ende-souveraen-in-nette","status":"publish","type":"post","link":"https:\/\/sv-koerne83.de\/wordpress\/2021\/06\/27\/e2-siegt-am-ende-souveraen-in-nette\/","title":{"rendered":"E2 siegt am Ende souver\u00e4n in Nette"},"content":{"rendered":"\n<p>Zum Abschluss der Saison siegte die E2 aufgrund einer starken zweiten Halbzeit mit 5:1 (2:1) bei der E2 von DJK SF Nette.<\/p>\n\n\n\n<p>Bei warmen Temperaturen und Sonnenschein am Hallenbad in Nette zeigte sich die E2 vom SV K\u00f6rne direkt angriffslustig und bestimmte das Spiel. Ein Lattenknaller vom SVK war ein erster Warnschuss f\u00fcr die Hausherren. Auf der Gegenseite war Nette aber stets gef\u00e4hrlich mit dem starken Angreifer Mamadou, den K\u00f6rne anf\u00e4nglich nur schwer in den Griff bekam.&nbsp;<\/p>\n\n\n\n<p>In der 16. Minute klingelte es dann im Netter Tor, als sich der schnelle Jaki \u00fcber rechts durchsetzen konnte und hart ins lange Eck schoss.<\/p>\n\n\n\n<p>Eine kleine Unachtsamkeit in der K\u00f6rner Hintermannschaft f\u00fchrte dann zum \u00fcberraschenden Ausgleich (19.). Dem eifrigen Til gelang mit dem Pausenpfiff das 2:1 f\u00fcr K\u00f6rne, als er entschlossen nachsetzte und aus spitzem Winkel traf.<\/p>\n\n\n\n<figure class=\"wp-block-image size-large\"><img loading=\"lazy\" decoding=\"async\" width=\"1024\" height=\"753\" src=\"https:\/\/sv-koerne83.de\/wordpress\/wp-content\/uploads\/2021\/06\/8737D692-BA78-4D28-B114-D2747D7F17F7.jpeg\" alt=\"\" class=\"wp-image-2061\" srcset=\"https:\/\/sv-koerne83.de\/wordpress\/wp-content\/uploads\/2021\/06\/8737D692-BA78-4D28-B114-D2747D7F17F7.jpeg 1024w, https:\/\/sv-koerne83.de\/wordpress\/wp-content\/uploads\/2021\/06\/8737D692-BA78-4D28-B114-D2747D7F17F7-300x221.jpeg 300w, https:\/\/sv-koerne83.de\/wordpress\/wp-content\/uploads\/2021\/06\/8737D692-BA78-4D28-B114-D2747D7F17F7-768x565.jpeg 768w, https:\/\/sv-koerne83.de\/wordpress\/wp-content\/uploads\/2021\/06\/8737D692-BA78-4D28-B114-D2747D7F17F7-128x94.jpeg 128w, https:\/\/sv-koerne83.de\/wordpress\/wp-content\/uploads\/2021\/06\/8737D692-BA78-4D28-B114-D2747D7F17F7-32x24.jpeg 32w\" sizes=\"auto, (max-width: 1024px) 100vw, 1024px\" \/><\/figure>\n\n\n\n<p>Nach der Pause wurde es dann deutlicher, denn K\u00f6rne stand hinten sehr stabil, lie\u00df bis auf einen Distanzschuss nichts mehr zu und machte m\u00e4chtig Druck nach vorne, mit teilweise sehenswerten Kombinationen. Es h\u00e4tten noch mehr Tore fallen k\u00f6nnen als das 3:1 (Jaki, 33.), 4:1 (Til, 36.) und 5:1 (Oskar, 47.). Gute Gelegenheiten wurden durch den unerm\u00fcdlichen Levi, der die gesamte linke Seite beackerte, und den flei\u00dfigen Oskar liegengelassen. &nbsp;<\/p>\n\n\n\n<p>Trotzdem blickte man in gl\u00fcckliche Gesichter, denn das war ein gelungener Saisonabschluss einer stabilen Truppe, die sich auf die neue Saison freuen kann. Denn in dieser Verfassung k\u00f6nnte sie eine gute Rolle spielen.<\/p>\n\n\n\n<p><strong>Bilanz E2 Saison 2020\/2021<\/strong><\/p>\n\n\n\n<p>10 Siege<\/p>\n\n\n\n<p>1 Unentschieden<\/p>\n\n\n\n<p>2 Niederlagen<\/p>\n\n\n\n<p>Torverh\u00e4ltnis: 83:33<\/p>\n","protected":false},"excerpt":{"rendered":"<p>Zum Abschluss der Saison siegte die E2 aufgrund einer starken zweiten Halbzeit mit 5:1 (2:1) bei der E2 von DJK SF Nette. Bei warmen Temperaturen und Sonnenschein am Hallenbad in [&hellip;]<\/p>\n","protected":false},"author":2,"featured_media":2060,"comment_status":"closed","ping_status":"open","sticky":false,"template":"","format":"standard","meta":{"_jetpack_memberships_contains_paid_content":false,"footnotes":""},"categories":[1,35],"tags":[],"class_list":["post-2062","post","type-post","status-publish","format-standard","has-post-thumbnail","hentry","category-allgemein","category-jugend"],"jetpack_sharing_enabled":true,"jetpack_featured_media_url":"https:\/\/sv-koerne83.de\/wordpress\/wp-content\/uploads\/2021\/06\/4CCE9D2F-B550-406C-88BC-299FDF702714-scaled.jpeg","_links":{"self":[{"href":"https:\/\/sv-koerne83.de\/wordpress\/wp-json\/wp\/v2\/posts\/2062","targetHints":{"allow":["GET"]}}],"collection":[{"href":"https:\/\/sv-koerne83.de\/wordpress\/wp-json\/wp\/v2\/posts"}],"about":[{"href":"https:\/\/sv-koerne83.de\/wordpress\/wp-json\/wp\/v2\/types\/post"}],"author":[{"embeddable":true,"href":"https:\/\/sv-koerne83.de\/wordpress\/wp-json\/wp\/v2\/users\/2"}],"replies":[{"embeddable":true,"href":"https:\/\/sv-koerne83.de\/wordpress\/wp-json\/wp\/v2\/comments?post=2062"}],"version-history":[{"count":1,"href":"https:\/\/sv-koerne83.de\/wordpress\/wp-json\/wp\/v2\/posts\/2062\/revisions"}],"predecessor-version":[{"id":2063,"href":"https:\/\/sv-koerne83.de\/wordpress\/wp-json\/wp\/v2\/posts\/2062\/revisions\/2063"}],"wp:featuredmedia":[{"embeddable":true,"href":"https:\/\/sv-koerne83.de\/wordpress\/wp-json\/wp\/v2\/media\/2060"}],"wp:attachment":[{"href":"https:\/\/sv-koerne83.de\/wordpress\/wp-json\/wp\/v2\/media?parent=2062"}],"wp:term":[{"taxonomy":"category","embeddable":true,"href":"https:\/\/sv-koerne83.de\/wordpress\/wp-json\/wp\/v2\/categories?post=2062"},{"taxonomy":"post_tag","embeddable":true,"href":"https:\/\/sv-koerne83.de\/wordpress\/wp-json\/wp\/v2\/tags?post=2062"}],"curies":[{"name":"wp","href":"https:\/\/api.w.org\/{rel}","templated":true}]}}