{"id":2088,"date":"2021-07-23T09:10:37","date_gmt":"2021-07-23T07:10:37","guid":{"rendered":"https:\/\/sv-koerne83.de\/wordpress\/?p=2088"},"modified":"2021-07-23T09:10:38","modified_gmt":"2021-07-23T07:10:38","slug":"update-zum-koerner-treff","status":"publish","type":"post","link":"https:\/\/sv-koerne83.de\/wordpress\/2021\/07\/23\/update-zum-koerner-treff\/","title":{"rendered":"UPDATE ZUM K\u00d6RNER TREFF"},"content":{"rendered":"\n<p><strong>Wie in den vergangenen Jahren liegt die Rolle des Veranstalters in den bew\u00e4hrten H\u00e4nden des SV K\u00f6rne 83 unter der Leitung des 1.Vorsitzenden Eddy Hoffmann und seinem Helferteam.<\/strong><\/p>\n\n\n\n<p>Da sich die Durchf\u00fchrung des letztj\u00e4hrigen K\u00f6rner Treffs&nbsp;<strong>auf der Sportanlage am Winkelriedweg&nbsp;<\/strong>bew\u00e4hrt hat, wird die Veranstaltung auch in diesem Jahr am selben Ort stattfinden, erfreulicherweise wieder \u00fcber 2 Tage.<\/p>\n\n\n\n<p>Ein&nbsp;<strong>Wermutstropfen&nbsp;<\/strong>ist leider der nicht m\u00f6gliche Auftritt des Stargastes Antonella Rossi, da ihr komplettes Equipment den Wasserfluten zum Opfer gefallen ist.<\/p>\n\n\n\n<p>Der&nbsp;<strong>Ausfall der Antonella Rossi Show<\/strong>&nbsp;sowie die erfreuliche&nbsp;<strong>Zusage von DJ Diego und Mel J.&nbsp;<\/strong>f\u00fchren im Vergleich zu den Ank\u00fcndigungen auf den Plakaten zu leichten&nbsp;<strong>Programmabweichungen<\/strong>.<\/p>\n\n\n\n<hr class=\"wp-block-separator\"\/>\n\n\n\n<h2 class=\"wp-block-heading\">Freitag, 30.07., 19:00-23:00 Uhr \u2013 Einlass ab 18:30 Uhr<\/h2>\n\n\n\n<p><strong>19:00 Uhr DJ Ralf\u00a0<\/strong>ist der musikalische T\u00fcr\u00f6ffner f\u00fcr die Veranstaltung.<br><strong><br>20:00 Uhr<\/strong>\u00a0Es geht es nahtlos weiter mit<strong>\u00a0Betty und Cornelia<\/strong>, den M\u00e4dels der\u00a0<strong>Antonella Rossi Show<\/strong>.<br><strong><br>21:00 Uhr\u00a0<\/strong>Ab jetzt wechseln sich\u00a0<strong>DJ Ralf\u00a0<\/strong>und\u00a0<strong>DJ Diego\u00a0<\/strong>ab und legen bis zum\u00a0<strong>Programmende um 23:00 Uhr\u00a0<\/strong>Musik der 70\/80\/90er auf.<br><strong><br>24:00 Uhr &#8222;Sperrstunde&#8220;<\/strong><\/p>\n\n\n\n<hr class=\"wp-block-separator\"\/>\n\n\n\n<h2 class=\"wp-block-heading\">Samstag, 31.07., 13:00-17:00 Uhr<\/h2>\n\n\n\n<p>Unter dem Motto<strong>&nbsp;\u201eSpiel &amp; Spa\u00df f\u00fcr Kinder\u201c<\/strong>&nbsp;k\u00f6nnen sich die J\u00fcngsten kostenlos mit&nbsp;<strong>Trixitt&nbsp;<\/strong>und auf der&nbsp;<strong>H\u00fcpfburg&nbsp;<\/strong>austoben, wer es etwas ruhiger und spannend liebt, kann sich der&nbsp;<strong>Zauberin Parella&nbsp;<\/strong>anschlie\u00dfen.<\/p>\n\n\n\n<hr class=\"wp-block-separator\"\/>\n\n\n\n<h2 class=\"wp-block-heading\">Samstag, 31.07., 19:00-23:00 Uhr, Hauptprogramm- Einlass 18:30 Uhr<\/h2>\n\n\n\n<p>Wie am Freitagabend sind&nbsp;<strong>DJ Ralf&nbsp;<\/strong>und&nbsp;<strong>DJ Diego&nbsp;<\/strong>sowie die S\u00e4ngerin&nbsp;<strong>Mel J.<\/strong>&nbsp;f\u00fcr die Musik zust\u00e4ndig.<\/p>\n\n\n\n<p><strong>19:00 Uhr&nbsp;<\/strong>DJ Ralf stimmt auf den Abend ein.<br><strong><br>19:30 Uhr<\/strong><strong>offizielle Er\u00f6ffnung durch die Bezirksb\u00fcrgermeisterin Christiane Gruyters<\/strong>.<\/p>\n\n\n\n<p>Im Anschluss wird&nbsp;<strong>Eddy Hoffmann<\/strong>&nbsp;Vereinsmitglieder aus dem Gr\u00fcndungsjahr 1983 ehren.<\/p>\n\n\n\n<p><strong>20:15 Uhr<\/strong><strong>\u201cB\u00fchne frei!\u201c&nbsp;<\/strong>f\u00fcr die Travestieshow von&nbsp;<strong>Cornelia&nbsp;<\/strong>und&nbsp;<strong>Betty<\/strong><\/p>\n\n\n\n<p>Nach dieser Show sorgen die 2 DJs mit einer Schlagerparade f\u00fcr beste Stimmung, die mit dem&nbsp;<strong>Programmende um 23:00 Uhr<\/strong>&nbsp;noch nicht eingestellt werden muss.<\/p>\n\n\n\n<p><strong>24:00 Uhr &#8222;Sperrstunde&#8220;<\/strong><\/p>\n\n\n\n<hr class=\"wp-block-separator\"\/>\n\n\n\n<h2 class=\"wp-block-heading\">Allgemeines<\/h2>\n\n\n\n<p><strong>Restkarten<\/strong>&nbsp;(Freitagabend:10,00\u20ac \/ Samstagabend:15,00\u20ac) k\u00f6nnen an den bekannten Vorverkaufsstellen: SV K\u00f6rne 83 (Vereinsheim) \/ DJK TuS K\u00f6rne (Vereinsheim) \/ Zehnthof Apotheke (Am Zehnthof 1) \/Kiosk bei G\u00fcnter (Im Defdahl 192) erstanden werden.<\/p>\n\n\n\n<p>An den&nbsp;<strong>Abendveranstaltungen&nbsp;<\/strong>wird nach den<strong>&nbsp;3 G`s (getestet,geimpft, genesen)&nbsp;<\/strong>verfahren. Dadurch entf\u00e4llt die Zuordnung an festen Sitz- bzw. Stehpl\u00e4tzen.<\/p>\n\n\n\n<p><strong>Frau Bockermann (Zehnthof Apotheke)&nbsp;<\/strong>hat gro\u00dfz\u00fcgigerweise f\u00fcr den Freitagabend den Gro\u00dfteil der Eintrittsgelder f\u00fcr die ehrenamtlichen Betreuer der Jugend DJK TuS K\u00f6rne und SV K\u00f6rne 83 \u00fcbernommen.<\/p>\n\n\n\n<p>Antonella Rossi und ihr Mann sind als Ehreng\u00e4ste f\u00fcr beide Tage eingeladen und werden vor Ort sein.<\/p>\n\n\n\n<p>An beiden Tagen wird eine Spendenaktion f\u00fcr die Familie Waldmann durchgef\u00fchrt, mit der wenigstens ein Teil des zerst\u00f6rten Equipments angeschafft werden kann.<\/p>\n","protected":false},"excerpt":{"rendered":"<p>Wie in den vergangenen Jahren liegt die Rolle des Veranstalters in den bew\u00e4hrten H\u00e4nden des SV K\u00f6rne 83 unter der Leitung des 1.Vorsitzenden Eddy Hoffmann und seinem Helferteam. Da sich [&hellip;]<\/p>\n","protected":false},"author":2,"featured_media":2065,"comment_status":"closed","ping_status":"open","sticky":false,"template":"","format":"standard","meta":{"_jetpack_memberships_contains_paid_content":false,"footnotes":""},"categories":[1],"tags":[],"class_list":["post-2088","post","type-post","status-publish","format-standard","has-post-thumbnail","hentry","category-allgemein"],"jetpack_sharing_enabled":true,"jetpack_featured_media_url":"https:\/\/sv-koerne83.de\/wordpress\/wp-content\/uploads\/2021\/06\/koerner-treff-facebook-veranstaltung-1200x628-1-scaled.jpg","_links":{"self":[{"href":"https:\/\/sv-koerne83.de\/wordpress\/wp-json\/wp\/v2\/posts\/2088","targetHints":{"allow":["GET"]}}],"collection":[{"href":"https:\/\/sv-koerne83.de\/wordpress\/wp-json\/wp\/v2\/posts"}],"about":[{"href":"https:\/\/sv-koerne83.de\/wordpress\/wp-json\/wp\/v2\/types\/post"}],"author":[{"embeddable":true,"href":"https:\/\/sv-koerne83.de\/wordpress\/wp-json\/wp\/v2\/users\/2"}],"replies":[{"embeddable":true,"href":"https:\/\/sv-koerne83.de\/wordpress\/wp-json\/wp\/v2\/comments?post=2088"}],"version-history":[{"count":1,"href":"https:\/\/sv-koerne83.de\/wordpress\/wp-json\/wp\/v2\/posts\/2088\/revisions"}],"predecessor-version":[{"id":2089,"href":"https:\/\/sv-koerne83.de\/wordpress\/wp-json\/wp\/v2\/posts\/2088\/revisions\/2089"}],"wp:featuredmedia":[{"embeddable":true,"href":"https:\/\/sv-koerne83.de\/wordpress\/wp-json\/wp\/v2\/media\/2065"}],"wp:attachment":[{"href":"https:\/\/sv-koerne83.de\/wordpress\/wp-json\/wp\/v2\/media?parent=2088"}],"wp:term":[{"taxonomy":"category","embeddable":true,"href":"https:\/\/sv-koerne83.de\/wordpress\/wp-json\/wp\/v2\/categories?post=2088"},{"taxonomy":"post_tag","embeddable":true,"href":"https:\/\/sv-koerne83.de\/wordpress\/wp-json\/wp\/v2\/tags?post=2088"}],"curies":[{"name":"wp","href":"https:\/\/api.w.org\/{rel}","templated":true}]}}