{"id":2136,"date":"2021-08-25T08:25:09","date_gmt":"2021-08-25T06:25:09","guid":{"rendered":"https:\/\/sv-koerne83.de\/wordpress\/?p=2136"},"modified":"2021-08-25T08:25:10","modified_gmt":"2021-08-25T06:25:10","slug":"e1-mit-derbysieg","status":"publish","type":"post","link":"https:\/\/sv-koerne83.de\/wordpress\/2021\/08\/25\/e1-mit-derbysieg\/","title":{"rendered":"E1 mit Derbysieg"},"content":{"rendered":"\n<p>Mit einem verdienten 10:5 (6:3) Sieg beim Lokalrivalen DJK TuS K\u00f6rne (E1) endete die kurze Saisonvorbereitung.\u00a0Nach dem 13:2 Sieg am letzten Samstag gegen TuS Deusens E1 gewann die Mannschaft von Andreas Lorenz auch ihr zweites und letztes Vorbereitungsspiel und kann mit einem guten Gef\u00fchl in die neue Saison starten.\u00a0<\/p>\n\n\n\n<p>Die Hausherren\u00a0des DJK TuS K\u00f6rne\u00a0gingen schnell in F\u00fchrung, doch der SVK raufte sich zusammen und kam dann immer besser ins Spiel. Schnell fielen die Tore und die Mannschaft um Kapit\u00e4n Alexander ging mit einer komfortablen 6:3-F\u00fchrung in die Pause. Nach dem Wiederanpfiff schien sich das Spiel pl\u00f6tzlich zu drehen. Der TuS machte m\u00e4chtig Druck und verk\u00fcrzte auf 6:5. Die Jungs vom SV K\u00f6rne blieben jedoch besonnen, verteidigten konzentriert und entschlossen und kamen wieder vermehrt zu guten Gelegenheiten. Das 7:5 war der Wendepunkt in einem von viel Kampf und Einsatzwillen gepr\u00e4gten Spiel.\u00a0<\/p>\n\n\n\n<p>Am Samstag startet die Saison mit einem Ausw\u00e4rtsspiel beim Nachbarn Wambeler SV\u00a0 (12:00 Uhr, Sendstra\u00dfe)<\/p>\n","protected":false},"excerpt":{"rendered":"<p>Mit einem verdienten 10:5 (6:3) Sieg beim Lokalrivalen DJK TuS K\u00f6rne (E1) endete die kurze Saisonvorbereitung.\u00a0Nach dem 13:2 Sieg am letzten Samstag gegen TuS Deusens E1 gewann die Mannschaft von [&hellip;]<\/p>\n","protected":false},"author":2,"featured_media":2061,"comment_status":"closed","ping_status":"open","sticky":false,"template":"","format":"standard","meta":{"_jetpack_memberships_contains_paid_content":false,"footnotes":""},"categories":[1,35],"tags":[],"class_list":["post-2136","post","type-post","status-publish","format-standard","has-post-thumbnail","hentry","category-allgemein","category-jugend"],"jetpack_sharing_enabled":true,"jetpack_featured_media_url":"https:\/\/sv-koerne83.de\/wordpress\/wp-content\/uploads\/2021\/06\/8737D692-BA78-4D28-B114-D2747D7F17F7.jpeg","_links":{"self":[{"href":"https:\/\/sv-koerne83.de\/wordpress\/wp-json\/wp\/v2\/posts\/2136","targetHints":{"allow":["GET"]}}],"collection":[{"href":"https:\/\/sv-koerne83.de\/wordpress\/wp-json\/wp\/v2\/posts"}],"about":[{"href":"https:\/\/sv-koerne83.de\/wordpress\/wp-json\/wp\/v2\/types\/post"}],"author":[{"embeddable":true,"href":"https:\/\/sv-koerne83.de\/wordpress\/wp-json\/wp\/v2\/users\/2"}],"replies":[{"embeddable":true,"href":"https:\/\/sv-koerne83.de\/wordpress\/wp-json\/wp\/v2\/comments?post=2136"}],"version-history":[{"count":1,"href":"https:\/\/sv-koerne83.de\/wordpress\/wp-json\/wp\/v2\/posts\/2136\/revisions"}],"predecessor-version":[{"id":2137,"href":"https:\/\/sv-koerne83.de\/wordpress\/wp-json\/wp\/v2\/posts\/2136\/revisions\/2137"}],"wp:featuredmedia":[{"embeddable":true,"href":"https:\/\/sv-koerne83.de\/wordpress\/wp-json\/wp\/v2\/media\/2061"}],"wp:attachment":[{"href":"https:\/\/sv-koerne83.de\/wordpress\/wp-json\/wp\/v2\/media?parent=2136"}],"wp:term":[{"taxonomy":"category","embeddable":true,"href":"https:\/\/sv-koerne83.de\/wordpress\/wp-json\/wp\/v2\/categories?post=2136"},{"taxonomy":"post_tag","embeddable":true,"href":"https:\/\/sv-koerne83.de\/wordpress\/wp-json\/wp\/v2\/tags?post=2136"}],"curies":[{"name":"wp","href":"https:\/\/api.w.org\/{rel}","templated":true}]}}