{"id":2140,"date":"2021-09-03T18:00:00","date_gmt":"2021-09-03T16:00:00","guid":{"rendered":"https:\/\/sv-koerne83.de\/wordpress\/?p=2140"},"modified":"2021-09-06T10:42:01","modified_gmt":"2021-09-06T08:42:01","slug":"b-jugend-mit-ungluecklicher-pokalniederlage","status":"publish","type":"post","link":"https:\/\/sv-koerne83.de\/wordpress\/2021\/09\/03\/b-jugend-mit-ungluecklicher-pokalniederlage\/","title":{"rendered":"B-Jugend mit ungl\u00fccklicher Pokalniederlage"},"content":{"rendered":"\n<p>Spielbericht:<br><br>Am Mittwoch Abend empfing unsere B-Jugend die Mannschaft von BW Alstedde zur 1. Runde im Kreispokal. Das Spiel musste wegen einer Coronaerkrankung und gleichzeitiger Quarant\u00e4ne von 6 K\u00f6rne Spielern verschoben werden.<\/p>\n\n\n\n<p>Vor toller Kullisse von ca. 70 Zuschauern startete unsere B-Jugend offensiv. Immer wieder wurden die Au\u00dfenst\u00fcrmer in Szene gesetzt und man erspielte sich gute Chancen. Jonathan konnte seine Farben nach 12 Minuten in F\u00fchrung bringen. Shaka entwischte vorher \u00fcber die rechte Seite seinen Gegenspieler und bediente seinen Sturmkollegen musterg\u00fcltig. Danach wachte Alstedde auf und zeigte endlich auch guten Fu\u00dfball. Nicht umsonst wird die Jugendabteilung der Blau-Wei\u00dfen immer wieder sehr gelobt. Der SVK konzentrierte sich mehr aufs verteidigen. Alex im K\u00f6rner Tor musste vor der Halbzeit nur einmal parieren. Die sonstigen Sch\u00fcsse gingen weit neben oder \u00fcber das Tor. Immer wieder schmissen sich unsere Jungs in die B\u00e4lle und k\u00e4mpften um jeden Zentimeter.<\/p>\n\n\n\n<p>Nach der Halbzeit erh\u00f6hte Alstedde den Druck. K\u00f6rne wurde immer passiver. Folgerichtig gingen die G\u00e4ste mit einem Doppelschlag in F\u00fchrung. Der Ausgleich war wie ein Wegruf f\u00fcr das Heimteam. Pl\u00f6tzlich spielte man wieder nach vorne. Die Sch\u00fcsse von Tarek und Kassim konnte der G\u00e4stekeeper sensationell entsch\u00e4rfen.<br>In der Drangphase erhielt K\u00f6rne einen Freisto\u00df aus dem Halbfeld. Mansour, der f\u00fcr den Freisto\u00df bereit stand, lie\u00df sich zu einer Beleidigung gegen seinen Gegenspieler hinrei\u00dfen, nachdem dieser ihn ebenfalls beleidigt hatte. Leider h\u00f6rte der Schiedsrichter nur die Beleidigung von Mansour und dieser musste mit der Roten Karte das Feld verlassen.<br>Die Mannschaft  ging nun All In. Die letzte Ecke des Spiels wurde in den Strafraum gepr\u00fcgelt. Alle Spieler waren im Strafraum. Nach einem Schuss aufs Alstedder Tor wurde der Ball mit der Hand eines Feldspielers abgewehrt. Der Schiri zeigte sofort auf den Punkt. Nahuel \u00fcbernahm die Verantwortung und erzielte den viel umjubelten Ausgleich.<\/p>\n\n\n\n<p>Danach war die regul\u00e4re Spielzeit vorbei und es ging ins Elfmeterschie\u00dfen.<br>Leider hatte Edgar seine Nerven nicht im Griff und schoss seinen Elfmeter, wie einst Uli Hoeness 1976, in den Nachthimmel von K\u00f6rne. Alstedde machte dann den Deckel drauf.<\/p>\n\n\n\n<p>Unsere B-Jugend hat alles rausgefeuert, was sie hatte. Am Ende waren es die Nerven, die zur Niederlage f\u00fchrten. Trotzdem muss die Truppe lernen, dass man nicht nach einer F\u00fchrung sich nur hinten reinstellen darf und auf den lieben Gott hoffen muss. Ein Sieg w\u00e4re definitv drin gewesen. <br><br>Gl\u00fcckwunsch nach L\u00fcnen zum Weiterkommen und viel Erfolg in der Kreisliga A.<\/p>\n\n\n\n<p><br>Kreispokal 1. Runde<br>Mittwoch 25.08.2021, 19.00 Uhr<\/p>\n\n\n\n<p>SV K\u00f6rne 83 &#8211; BW Alstedde 5:7 n. E., 2:2 (1:0) <br>Aufstellung: 1 Halidov, 2 Boye Sekan (60. 3 Ibrahim), 4 Al Ahmad (72. 19 Amahouch), 6 Miankeba, 9 Kaguru (41. 20 El Mohammed), 10 Gettel, 13 Nguendiama (20. 11 Frantzeskakis), 15 Arispe (C), 17 Mmegwa, 18 Reidinger, 22 Amiri<\/p>\n\n\n\n<p>Tore: 1:0 Mmegwa (12.), 1:1 (67.), 1:2 (71.), 2:2 Arispe (80. Handelfmeter)<\/p>\n\n\n\n<p>Elfmeterschie\u00dfen:<br>2:3<br>3:3 Arispe<br>3:4<br>4:4 Miankeba<br>4:5<br>5:5 Reidinger<br>5:6<br>Gettel schie\u00dft \u00fcber das Tor<br>5:7 <br><br>Besonderes Vorkomnis:<br>Rote Karte: Amiri (78.) wegen Beleidigung<\/p>\n","protected":false},"excerpt":{"rendered":"<p>Spielbericht: Am Mittwoch Abend empfing unsere B-Jugend die Mannschaft von BW Alstedde zur 1. Runde im Kreispokal. Das Spiel musste wegen einer Coronaerkrankung und gleichzeitiger Quarant\u00e4ne von 6 K\u00f6rne Spielern [&hellip;]<\/p>\n","protected":false},"author":3,"featured_media":2144,"comment_status":"closed","ping_status":"open","sticky":false,"template":"","format":"standard","meta":{"_jetpack_memberships_contains_paid_content":false,"footnotes":""},"categories":[1,35],"tags":[],"class_list":["post-2140","post","type-post","status-publish","format-standard","has-post-thumbnail","hentry","category-allgemein","category-jugend"],"jetpack_sharing_enabled":true,"jetpack_featured_media_url":"https:\/\/sv-koerne83.de\/wordpress\/wp-content\/uploads\/2021\/09\/IMG-20210825-WA0028.jpg","_links":{"self":[{"href":"https:\/\/sv-koerne83.de\/wordpress\/wp-json\/wp\/v2\/posts\/2140","targetHints":{"allow":["GET"]}}],"collection":[{"href":"https:\/\/sv-koerne83.de\/wordpress\/wp-json\/wp\/v2\/posts"}],"about":[{"href":"https:\/\/sv-koerne83.de\/wordpress\/wp-json\/wp\/v2\/types\/post"}],"author":[{"embeddable":true,"href":"https:\/\/sv-koerne83.de\/wordpress\/wp-json\/wp\/v2\/users\/3"}],"replies":[{"embeddable":true,"href":"https:\/\/sv-koerne83.de\/wordpress\/wp-json\/wp\/v2\/comments?post=2140"}],"version-history":[{"count":1,"href":"https:\/\/sv-koerne83.de\/wordpress\/wp-json\/wp\/v2\/posts\/2140\/revisions"}],"predecessor-version":[{"id":2141,"href":"https:\/\/sv-koerne83.de\/wordpress\/wp-json\/wp\/v2\/posts\/2140\/revisions\/2141"}],"wp:featuredmedia":[{"embeddable":true,"href":"https:\/\/sv-koerne83.de\/wordpress\/wp-json\/wp\/v2\/media\/2144"}],"wp:attachment":[{"href":"https:\/\/sv-koerne83.de\/wordpress\/wp-json\/wp\/v2\/media?parent=2140"}],"wp:term":[{"taxonomy":"category","embeddable":true,"href":"https:\/\/sv-koerne83.de\/wordpress\/wp-json\/wp\/v2\/categories?post=2140"},{"taxonomy":"post_tag","embeddable":true,"href":"https:\/\/sv-koerne83.de\/wordpress\/wp-json\/wp\/v2\/tags?post=2140"}],"curies":[{"name":"wp","href":"https:\/\/api.w.org\/{rel}","templated":true}]}}