{"id":2148,"date":"2021-09-06T11:12:10","date_gmt":"2021-09-06T09:12:10","guid":{"rendered":"https:\/\/sv-koerne83.de\/wordpress\/?p=2148"},"modified":"2021-09-06T11:12:11","modified_gmt":"2021-09-06T09:12:11","slug":"b-jugend-siegt-beim-saisonauftakt","status":"publish","type":"post","link":"https:\/\/sv-koerne83.de\/wordpress\/2021\/09\/06\/b-jugend-siegt-beim-saisonauftakt\/","title":{"rendered":"B-Jugend siegt beim Saisonauftakt"},"content":{"rendered":"\n<p>Meisterschaftsspiel <br>1. Spieltag<br>Sonntag 29.08.2021, 11.00 Uhr<\/p>\n\n\n\n<p>SV K\u00f6rne 83 \u2013 TuS Kruckel  7:1 (5:0)<\/p>\n\n\n\n<p>Zum Start in die neue Saison begr\u00fc\u00dfte unsere B-Jugend die G\u00e4ste vom TuS Kruckel.<\/p>\n\n\n\n<p>Das Heimteam legte los wie die Feuerwehr. Bereits nach 5 Sekunden erzielte Shaka das erste Saisontor in der neuen Saison f\u00fcr den SVK.  Kruckel war chancenlos. Immer wieder rollte die Offensivwelle der K\u00f6rner. Nach knapp 30 Minuten war die Messe gelesen, da K\u00f6rne klar und deutlich mit 5:0 f\u00fchrte. Es h\u00e4tte bis zur Halbzeit auch gerne h\u00f6her stehen m\u00fcssen. <\/p>\n\n\n\n<p>Nach der Pause wurden die Gastgeber immer unzufriedener mit ihrer Leistung. Es wurde arrogant gespielt und der Ballf\u00fchrende suchte meist den Alleingang. Auch deshalb gelang am Ende nur ein Ergebnis von 7:1. <\/p>\n\n\n\n<p>Erschreckend war hierbei, wie man sich auf dem Platz verhielt. Zun\u00e4chst musste Ahmed vorzeitig duschen gehen, nach dem er seinem Mitspieler sagte, er soll mal den Mund halten. Kurz vor Schluss war K\u00f6rne nur noch zu neunt, da Haidar mit einer ungest\u00fcmten Gr\u00e4tsche von Vorne Gegner und Ball von den Beinen holte. Bei klarer F\u00fchrung darf das dem Team nicht passieren. Beide werden nun ebenfalls gesperrt fehlen.<\/p>\n\n\n\n<p>Das Ergebnis ist nicht zufriedenstellend, da man diesen Gegner, bei allem Respekt, h\u00f6her schlagen muss. Leider war dies nicht m\u00f6glich, durch Arroganz, \u00dcberheblichkeit und Undiszipliniertheiten. So wird es schwer werden, Spiele zu gewinnen, wenn man st\u00e4ndig in Unterzahl zu Ende spielt.<\/p>\n\n\n\n<p><br>Aufstellung: 1 Halidov, 2 Boye Sekan, 4 Al Ahmad, 6 Miankeba, 9 Kaguru (60. 16 Amahouch), 10 Gettel, 11 Frantzeskakis (41. 5 Khassyanov), 14 Alfarakh, 15 Arispe (C), 17 Mmegwa, 18 Reidinger (70. 13 Brown)<\/p>\n\n\n\n<p>Tore: 1:0 Kaguru (1.), 2:0 Mmegwa (15.), 3:0 Eigentor (16.), 4:0 Reidinger (22.), 5:0 Arispe (27. Foulelfmeter), 6:0 Mmegwa (43.), 7:0 Mmegwa (17.), 7:1 (72.)<\/p>\n\n\n\n<p>Besondere Vorkomnisse:<br>Rote Karten:<br>Al Ahmad wegen Beleidigung des Mitspielers (54.)<br>Alfarakh wegen groben Foulspiels (74.)<\/p>\n\n\n\n<p><\/p>\n","protected":false},"excerpt":{"rendered":"<p>Meisterschaftsspiel 1. SpieltagSonntag 29.08.2021, 11.00 Uhr SV K\u00f6rne 83 \u2013 TuS Kruckel 7:1 (5:0) Zum Start in die neue Saison begr\u00fc\u00dfte unsere B-Jugend die G\u00e4ste vom TuS Kruckel. Das Heimteam [&hellip;]<\/p>\n","protected":false},"author":3,"featured_media":2142,"comment_status":"closed","ping_status":"open","sticky":false,"template":"","format":"standard","meta":{"_jetpack_memberships_contains_paid_content":false,"footnotes":""},"categories":[1,35],"tags":[],"class_list":["post-2148","post","type-post","status-publish","format-standard","has-post-thumbnail","hentry","category-allgemein","category-jugend"],"jetpack_sharing_enabled":true,"jetpack_featured_media_url":"https:\/\/sv-koerne83.de\/wordpress\/wp-content\/uploads\/2021\/09\/IMG-20210825-WA0029.jpg","_links":{"self":[{"href":"https:\/\/sv-koerne83.de\/wordpress\/wp-json\/wp\/v2\/posts\/2148","targetHints":{"allow":["GET"]}}],"collection":[{"href":"https:\/\/sv-koerne83.de\/wordpress\/wp-json\/wp\/v2\/posts"}],"about":[{"href":"https:\/\/sv-koerne83.de\/wordpress\/wp-json\/wp\/v2\/types\/post"}],"author":[{"embeddable":true,"href":"https:\/\/sv-koerne83.de\/wordpress\/wp-json\/wp\/v2\/users\/3"}],"replies":[{"embeddable":true,"href":"https:\/\/sv-koerne83.de\/wordpress\/wp-json\/wp\/v2\/comments?post=2148"}],"version-history":[{"count":1,"href":"https:\/\/sv-koerne83.de\/wordpress\/wp-json\/wp\/v2\/posts\/2148\/revisions"}],"predecessor-version":[{"id":2149,"href":"https:\/\/sv-koerne83.de\/wordpress\/wp-json\/wp\/v2\/posts\/2148\/revisions\/2149"}],"wp:featuredmedia":[{"embeddable":true,"href":"https:\/\/sv-koerne83.de\/wordpress\/wp-json\/wp\/v2\/media\/2142"}],"wp:attachment":[{"href":"https:\/\/sv-koerne83.de\/wordpress\/wp-json\/wp\/v2\/media?parent=2148"}],"wp:term":[{"taxonomy":"category","embeddable":true,"href":"https:\/\/sv-koerne83.de\/wordpress\/wp-json\/wp\/v2\/categories?post=2148"},{"taxonomy":"post_tag","embeddable":true,"href":"https:\/\/sv-koerne83.de\/wordpress\/wp-json\/wp\/v2\/tags?post=2148"}],"curies":[{"name":"wp","href":"https:\/\/api.w.org\/{rel}","templated":true}]}}