{"id":2150,"date":"2021-09-06T12:00:52","date_gmt":"2021-09-06T10:00:52","guid":{"rendered":"https:\/\/sv-koerne83.de\/wordpress\/?p=2150"},"modified":"2021-09-06T12:09:40","modified_gmt":"2021-09-06T10:09:40","slug":"b-jugend-beim-turnier-in-maastricht","status":"publish","type":"post","link":"https:\/\/sv-koerne83.de\/wordpress\/2021\/09\/06\/b-jugend-beim-turnier-in-maastricht\/","title":{"rendered":"B-Jugend beim Turnier in Maastricht"},"content":{"rendered":"\n<p>Unsere B-Jugend reiste kurz vorm 1. Meisterschaftsspiel kurz in die Niederlande zu einem Turnier bei Maastricht. <\/p>\n\n\n\n<p>Das Turnier war super organisiert. Tolle Rasenpl\u00e4tze und ein gutes Rahmenprogramm sorgten f\u00fcr eine tolle Atmosph\u00e4re unter den teilnehmenden Mannschaften. Sportlich war nicht viel zu holen f\u00fcr unsere Mannschaft. <\/p>\n\n\n\n<p>Alle Gegner spielten mindestens zwei Klassen h\u00f6her als Kreisliga B. Trotzdem zeigten die Spieler tolle Kombinationen und hielten gut dagegen. <\/p>\n\n\n\n<p>Die Spiele gingen 3x 0:1 und 2x 0:2 verloren, so dass man am Ende mit 0 Punkten und 0:8 Toren die Heimreise wieder antrat. Trotzdem hatten alle Spa\u00df endlich mal wieder was anderes zu sehen. <\/p>\n\n\n\n<p>Vielen Dank an den Ausrichter Soccaball. Es war sehr sch\u00f6n bei euch.<\/p>\n\n\n\n<p>Turnierkader: 21 Mmegwa, 2 Boye Sekan, 4 Al Ahmad, 6 Miankeba, 8 El Mohammed, 9 Kaguru, 10 Gettel, 11 Frantzeskakis, 13 Nguendiama, 14 Alfarakh, 18 Reidinger (C), 19 Amhaouch<\/p>\n\n\n\n<p>Alle Ergebnisse und Tabellen findet ihr hier:<\/p>\n\n\n\n<p><a href=\"https:\/\/www.meinturnierplan.de\/showit.php?id=1624704660&amp;setlang=en&amp;fbclid=IwAR0rvw8TH8-avk95p522ejIH1dv5F-EsEE1BaB8-9UraXpl9aZv92WnVP8E\">https:\/\/www.meinturnierplan.de\/showit.php?id=1624704660&amp;setlang=en&amp;fbclid=IwAR0rvw8TH8-avk95p522ejIH1dv5F-EsEE1BaB8-9UraXpl9aZv92WnVP8Ehttps:\/\/www.meinturnierplan.de\/showit.php?id=1624704660&amp;setlang=en&amp;fbclid=IwAR0rvw8TH8-avk95p522ejIH1dv5F-EsEE1BaB8-9UraXpl9aZv92WnVP8E<\/a><\/p>\n","protected":false},"excerpt":{"rendered":"<p>Unsere B-Jugend reiste kurz vorm 1. Meisterschaftsspiel kurz in die Niederlande zu einem Turnier bei Maastricht. Das Turnier war super organisiert. Tolle Rasenpl\u00e4tze und ein gutes Rahmenprogramm sorgten f\u00fcr eine [&hellip;]<\/p>\n","protected":false},"author":3,"featured_media":2153,"comment_status":"closed","ping_status":"open","sticky":false,"template":"","format":"standard","meta":{"_jetpack_memberships_contains_paid_content":false,"footnotes":""},"categories":[1,35],"tags":[],"class_list":["post-2150","post","type-post","status-publish","format-standard","has-post-thumbnail","hentry","category-allgemein","category-jugend"],"jetpack_sharing_enabled":true,"jetpack_featured_media_url":"https:\/\/sv-koerne83.de\/wordpress\/wp-content\/uploads\/2021\/09\/IMG-20210828-WA0028.jpg","_links":{"self":[{"href":"https:\/\/sv-koerne83.de\/wordpress\/wp-json\/wp\/v2\/posts\/2150","targetHints":{"allow":["GET"]}}],"collection":[{"href":"https:\/\/sv-koerne83.de\/wordpress\/wp-json\/wp\/v2\/posts"}],"about":[{"href":"https:\/\/sv-koerne83.de\/wordpress\/wp-json\/wp\/v2\/types\/post"}],"author":[{"embeddable":true,"href":"https:\/\/sv-koerne83.de\/wordpress\/wp-json\/wp\/v2\/users\/3"}],"replies":[{"embeddable":true,"href":"https:\/\/sv-koerne83.de\/wordpress\/wp-json\/wp\/v2\/comments?post=2150"}],"version-history":[{"count":2,"href":"https:\/\/sv-koerne83.de\/wordpress\/wp-json\/wp\/v2\/posts\/2150\/revisions"}],"predecessor-version":[{"id":2152,"href":"https:\/\/sv-koerne83.de\/wordpress\/wp-json\/wp\/v2\/posts\/2150\/revisions\/2152"}],"wp:featuredmedia":[{"embeddable":true,"href":"https:\/\/sv-koerne83.de\/wordpress\/wp-json\/wp\/v2\/media\/2153"}],"wp:attachment":[{"href":"https:\/\/sv-koerne83.de\/wordpress\/wp-json\/wp\/v2\/media?parent=2150"}],"wp:term":[{"taxonomy":"category","embeddable":true,"href":"https:\/\/sv-koerne83.de\/wordpress\/wp-json\/wp\/v2\/categories?post=2150"},{"taxonomy":"post_tag","embeddable":true,"href":"https:\/\/sv-koerne83.de\/wordpress\/wp-json\/wp\/v2\/tags?post=2150"}],"curies":[{"name":"wp","href":"https:\/\/api.w.org\/{rel}","templated":true}]}}