{"id":2154,"date":"2021-09-06T12:05:12","date_gmt":"2021-09-06T10:05:12","guid":{"rendered":"https:\/\/sv-koerne83.de\/wordpress\/?p=2154"},"modified":"2021-09-06T12:10:29","modified_gmt":"2021-09-06T10:10:29","slug":"b-jugend-siegt-auswaerts-in-barop","status":"publish","type":"post","link":"https:\/\/sv-koerne83.de\/wordpress\/2021\/09\/06\/b-jugend-siegt-auswaerts-in-barop\/","title":{"rendered":"B-Jugend siegt ausw\u00e4rts in Barop"},"content":{"rendered":"\n<p>Meisterschaftsspiel <br>2. Spieltag<br>Sonntag 05.09.2021, 11.00 Uhr<\/p>\n\n\n\n<p>RW Barop &#8211; SV K\u00f6rne 83 1:5 (0:1)<\/p>\n\n\n\n<p>Das erste Ausw\u00e4rtsspiel stand f\u00fcr unsere B-Jugend an. Es ging nach Barop. Die Rot-Wei\u00dfen starteten mit einem 3:3 gegen den SV Brackel 06 II in die Saison. <\/p>\n\n\n\n<p>Bei hochsommerlichen Temperaturen konnte erneut Shaka seine Mannschaft mit 0:1 in F\u00fchrung bringen. Vorausgegangen war ein toller Ball hinter die Abwehrkette von Younes, der einen sehr auff\u00e4lligen Auftritt hinlegte. Barop wurde etwas st\u00e4rker und konnte einen Ballverlust von Younes in einen Gegenangriff umwandeln. Der Schuss ging gl\u00fccklicherweise an die Latte. <\/p>\n\n\n\n<p>Mit einer knappen Pausenf\u00fchrung ging es in die Pause.<br>Der Mannschaft wurde dort mitgeteilt, dass man auf das zweite und dritte Tor spielen muss, da es sonst eng werden k\u00f6nnte. <\/p>\n\n\n\n<p>Das konnte die Truppe auch danach eindrucksvoll umsetzt. Zun\u00e4chst h\u00e4mmerte Kassim den Ball aus 25 Metern in den rechten Giebel. Anschlie\u00dfend setzte sich Jonathan gegen seinen Gegner durch und stellte auf 0:3.<\/p>\n\n\n\n<p>Einen Schuss aus der zweiten Reihe wurde mit der Hand abgewehrt. Alex eilte aus seinem Tor, \u00fcbernahm die Verantwortung und verwandelte sicher zum 0:4. Den Schlusspunkt markierte der eingewechselte Tarek, nach toller \u00dcbersicht von Jonathan, der quer spielte. Tarek brauchte dann nur noch einschieben. In der Schlussminute gelang Barop noch Ergebniskosmetik, da der SVK schon mit den Gedanken auf dem Heimweg war.<\/p>\n\n\n\n<p>Es war ein gutes Spiel der Jungs. Diszipliniert und konsequent wurde Fu\u00dfball gespielt. Ohne Arroganz l\u00e4uft alles etwas einfacher. Die Mannschaft wird weiter lernen und noch besser werden. Trotz Roter Karten und vereinsinternen Sperren, werden wir uns nicht aufhalten lassen und unser Ding durchziehen.<\/p>\n\n\n\n<p><br>Aufstellung: 1 Halidov, 2 Boye Sekan, 3 Ibrahim, 5 Khassyanov, 6 Miankeba, 9 Kaguru , 10 Gettel, 11 Frantzeskakis (55. 8 El Mohammed), 15 Arispe (C), 16 Amahouch (65. 13 Brown), 17 Mmegwa<\/p>\n\n\n\n<p>Tore: 0:1 Kaguru (6.), 0:2 Ibrahim (48.), 0:3 Mmegwa (58.), 0:4 Halidov (Handelfmeter), 0:5 El Mohammed (69.), 1:5 (79.)<\/p>\n","protected":false},"excerpt":{"rendered":"<p>Meisterschaftsspiel 2. SpieltagSonntag 05.09.2021, 11.00 Uhr RW Barop &#8211; SV K\u00f6rne 83 1:5 (0:1) Das erste Ausw\u00e4rtsspiel stand f\u00fcr unsere B-Jugend an. Es ging nach Barop. Die Rot-Wei\u00dfen starteten mit [&hellip;]<\/p>\n","protected":false},"author":3,"featured_media":2156,"comment_status":"closed","ping_status":"open","sticky":false,"template":"","format":"standard","meta":{"_jetpack_memberships_contains_paid_content":false,"footnotes":""},"categories":[1,35],"tags":[],"class_list":["post-2154","post","type-post","status-publish","format-standard","has-post-thumbnail","hentry","category-allgemein","category-jugend"],"jetpack_sharing_enabled":true,"jetpack_featured_media_url":"https:\/\/sv-koerne83.de\/wordpress\/wp-content\/uploads\/2021\/09\/20210905_103107-scaled.jpg","_links":{"self":[{"href":"https:\/\/sv-koerne83.de\/wordpress\/wp-json\/wp\/v2\/posts\/2154","targetHints":{"allow":["GET"]}}],"collection":[{"href":"https:\/\/sv-koerne83.de\/wordpress\/wp-json\/wp\/v2\/posts"}],"about":[{"href":"https:\/\/sv-koerne83.de\/wordpress\/wp-json\/wp\/v2\/types\/post"}],"author":[{"embeddable":true,"href":"https:\/\/sv-koerne83.de\/wordpress\/wp-json\/wp\/v2\/users\/3"}],"replies":[{"embeddable":true,"href":"https:\/\/sv-koerne83.de\/wordpress\/wp-json\/wp\/v2\/comments?post=2154"}],"version-history":[{"count":1,"href":"https:\/\/sv-koerne83.de\/wordpress\/wp-json\/wp\/v2\/posts\/2154\/revisions"}],"predecessor-version":[{"id":2155,"href":"https:\/\/sv-koerne83.de\/wordpress\/wp-json\/wp\/v2\/posts\/2154\/revisions\/2155"}],"wp:featuredmedia":[{"embeddable":true,"href":"https:\/\/sv-koerne83.de\/wordpress\/wp-json\/wp\/v2\/media\/2156"}],"wp:attachment":[{"href":"https:\/\/sv-koerne83.de\/wordpress\/wp-json\/wp\/v2\/media?parent=2154"}],"wp:term":[{"taxonomy":"category","embeddable":true,"href":"https:\/\/sv-koerne83.de\/wordpress\/wp-json\/wp\/v2\/categories?post=2154"},{"taxonomy":"post_tag","embeddable":true,"href":"https:\/\/sv-koerne83.de\/wordpress\/wp-json\/wp\/v2\/tags?post=2154"}],"curies":[{"name":"wp","href":"https:\/\/api.w.org\/{rel}","templated":true}]}}