{"id":2165,"date":"2021-09-14T12:12:52","date_gmt":"2021-09-14T10:12:52","guid":{"rendered":"https:\/\/sv-koerne83.de\/wordpress\/?p=2165"},"modified":"2021-09-14T12:12:52","modified_gmt":"2021-09-14T10:12:52","slug":"i-am-cenk","status":"publish","type":"post","link":"https:\/\/sv-koerne83.de\/wordpress\/2021\/09\/14\/i-am-cenk\/","title":{"rendered":"I am Cenk"},"content":{"rendered":"\n<p>Heute m\u00f6chten wir euch einmal ein Update zu Cenk geben. Im Mai haben wir dazu aufgerufen euch f\u00fcr eine Stammzellenspende zu registrieren. <\/p>\n\n\n\n<p>Cenk (13 Jahre) war an Leuk\u00e4mie erkrankt und ben\u00f6tigte dringend einen Stammzellenspender. Nach einem langen Leidensweg und Entt\u00e4uschungen, da zwei passende Spender sich nicht gemeldet haben, konnte Cenk&#8217;s Mutter in einem besonderem Verfahren die Stammzellen spenden. <\/p>\n\n\n\n<p>Die Therapie war erfolgreich und die Zellen haben sich nach dem 8 Tag der Transplantation mehr als verdoppelt. Es ist f\u00fcr Cenk zwar noch ein langer Weg, bis alle Nebenwirkungen \u00fcberwunden sind, dennoch ist es f\u00fcr Cenk ein kleiner Schritt n\u00e4her zu seinem Leben -> Zuhause mit Familie und Freunden.<\/p>\n\n\n\n<p>Folgt Cenk auch auf seinem Instagram-Profil <a href=\"https:\/\/www.instagram.com\/iam.cenk_dkms\/\">@iam.cenk_dkms<\/a> <\/p>\n\n\n\n<p><br><em>Bildnachweis: Instagram (@iam.cenk_dkms)<\/em><\/p>\n","protected":false},"excerpt":{"rendered":"<p>Heute m\u00f6chten wir euch einmal ein Update zu Cenk geben. Im Mai haben wir dazu aufgerufen euch f\u00fcr eine Stammzellenspende zu registrieren. Cenk (13 Jahre) war an Leuk\u00e4mie erkrankt und [&hellip;]<\/p>\n","protected":false},"author":2,"featured_media":2164,"comment_status":"closed","ping_status":"open","sticky":false,"template":"","format":"standard","meta":{"_jetpack_memberships_contains_paid_content":false,"footnotes":""},"categories":[1],"tags":[],"class_list":["post-2165","post","type-post","status-publish","format-standard","has-post-thumbnail","hentry","category-allgemein"],"jetpack_sharing_enabled":true,"jetpack_featured_media_url":"https:\/\/sv-koerne83.de\/wordpress\/wp-content\/uploads\/2021\/09\/cenk.jpg","_links":{"self":[{"href":"https:\/\/sv-koerne83.de\/wordpress\/wp-json\/wp\/v2\/posts\/2165","targetHints":{"allow":["GET"]}}],"collection":[{"href":"https:\/\/sv-koerne83.de\/wordpress\/wp-json\/wp\/v2\/posts"}],"about":[{"href":"https:\/\/sv-koerne83.de\/wordpress\/wp-json\/wp\/v2\/types\/post"}],"author":[{"embeddable":true,"href":"https:\/\/sv-koerne83.de\/wordpress\/wp-json\/wp\/v2\/users\/2"}],"replies":[{"embeddable":true,"href":"https:\/\/sv-koerne83.de\/wordpress\/wp-json\/wp\/v2\/comments?post=2165"}],"version-history":[{"count":1,"href":"https:\/\/sv-koerne83.de\/wordpress\/wp-json\/wp\/v2\/posts\/2165\/revisions"}],"predecessor-version":[{"id":2166,"href":"https:\/\/sv-koerne83.de\/wordpress\/wp-json\/wp\/v2\/posts\/2165\/revisions\/2166"}],"wp:featuredmedia":[{"embeddable":true,"href":"https:\/\/sv-koerne83.de\/wordpress\/wp-json\/wp\/v2\/media\/2164"}],"wp:attachment":[{"href":"https:\/\/sv-koerne83.de\/wordpress\/wp-json\/wp\/v2\/media?parent=2165"}],"wp:term":[{"taxonomy":"category","embeddable":true,"href":"https:\/\/sv-koerne83.de\/wordpress\/wp-json\/wp\/v2\/categories?post=2165"},{"taxonomy":"post_tag","embeddable":true,"href":"https:\/\/sv-koerne83.de\/wordpress\/wp-json\/wp\/v2\/tags?post=2165"}],"curies":[{"name":"wp","href":"https:\/\/api.w.org\/{rel}","templated":true}]}}