{"id":2168,"date":"2021-10-04T08:04:55","date_gmt":"2021-10-04T06:04:55","guid":{"rendered":"https:\/\/sv-koerne83.de\/wordpress\/?p=2168"},"modified":"2021-10-04T08:05:55","modified_gmt":"2021-10-04T06:05:55","slug":"4-mannschaft-musste-zurueckgezogen-werden","status":"publish","type":"post","link":"https:\/\/sv-koerne83.de\/wordpress\/2021\/10\/04\/4-mannschaft-musste-zurueckgezogen-werden\/","title":{"rendered":"4. Mannschaft musste zur\u00fcckgezogen werden"},"content":{"rendered":"\n<p>Am letzten Freitag mussten wir den Schritt gehen und die 4. Mannschaft vom laufenden Spielbetrieb zur\u00fcckzuziehen. Leider zeigte sich schon in den letzten Woche ein negativer Trend, was die Trainingsbeteiligung anging. Auch bei den wenigen Meisterschaftsspielen bekam man so gerade eben ein Team zusammen. <\/p>\n\n\n\n<p>Im Hinblick auf den bevorstehenden Herbst und Winter hat sich der Verein nun dazu entschlossen, die 4. Mannschaft aus der Kreisliga C abzumelden. Die verbleibenden Spieler k\u00f6nnen in den anderen drei Seniorenmannschaften weiterspielen. Auch die Altherrenmannschaft freut sich \u00fcber neue Spieler. Wir danken Sebastian Arnold und Felix Bedarf f\u00fcr ihren jahrelangen Einsatz als Trainer der 4. Mannschaft.&nbsp;<\/p>\n","protected":false},"excerpt":{"rendered":"<p>Am letzten Freitag mussten wir den Schritt gehen und die 4. Mannschaft vom laufenden Spielbetrieb zur\u00fcckzuziehen. Leider zeigte sich schon in den letzten Woche ein negativer Trend, was die Trainingsbeteiligung [&hellip;]<\/p>\n","protected":false},"author":2,"featured_media":1228,"comment_status":"closed","ping_status":"open","sticky":false,"template":"","format":"standard","meta":{"_jetpack_memberships_contains_paid_content":false,"footnotes":""},"categories":[33,1],"tags":[],"class_list":["post-2168","post","type-post","status-publish","format-standard","has-post-thumbnail","hentry","category-4-mannschaft","category-allgemein"],"jetpack_sharing_enabled":true,"jetpack_featured_media_url":"https:\/\/sv-koerne83.de\/wordpress\/wp-content\/uploads\/2020\/02\/soccer-2394121_1920.jpg","_links":{"self":[{"href":"https:\/\/sv-koerne83.de\/wordpress\/wp-json\/wp\/v2\/posts\/2168","targetHints":{"allow":["GET"]}}],"collection":[{"href":"https:\/\/sv-koerne83.de\/wordpress\/wp-json\/wp\/v2\/posts"}],"about":[{"href":"https:\/\/sv-koerne83.de\/wordpress\/wp-json\/wp\/v2\/types\/post"}],"author":[{"embeddable":true,"href":"https:\/\/sv-koerne83.de\/wordpress\/wp-json\/wp\/v2\/users\/2"}],"replies":[{"embeddable":true,"href":"https:\/\/sv-koerne83.de\/wordpress\/wp-json\/wp\/v2\/comments?post=2168"}],"version-history":[{"count":2,"href":"https:\/\/sv-koerne83.de\/wordpress\/wp-json\/wp\/v2\/posts\/2168\/revisions"}],"predecessor-version":[{"id":2170,"href":"https:\/\/sv-koerne83.de\/wordpress\/wp-json\/wp\/v2\/posts\/2168\/revisions\/2170"}],"wp:featuredmedia":[{"embeddable":true,"href":"https:\/\/sv-koerne83.de\/wordpress\/wp-json\/wp\/v2\/media\/1228"}],"wp:attachment":[{"href":"https:\/\/sv-koerne83.de\/wordpress\/wp-json\/wp\/v2\/media?parent=2168"}],"wp:term":[{"taxonomy":"category","embeddable":true,"href":"https:\/\/sv-koerne83.de\/wordpress\/wp-json\/wp\/v2\/categories?post=2168"},{"taxonomy":"post_tag","embeddable":true,"href":"https:\/\/sv-koerne83.de\/wordpress\/wp-json\/wp\/v2\/tags?post=2168"}],"curies":[{"name":"wp","href":"https:\/\/api.w.org\/{rel}","templated":true}]}}