{"id":2180,"date":"2021-10-08T15:25:50","date_gmt":"2021-10-08T13:25:50","guid":{"rendered":"https:\/\/sv-koerne83.de\/wordpress\/?p=2180"},"modified":"2021-10-08T15:25:50","modified_gmt":"2021-10-08T13:25:50","slug":"sv-koernes-vorsitzender-bedankt-sich-bei-seinem-team","status":"publish","type":"post","link":"https:\/\/sv-koerne83.de\/wordpress\/2021\/10\/08\/sv-koernes-vorsitzender-bedankt-sich-bei-seinem-team\/","title":{"rendered":"SV K\u00f6rnes Vorsitzender bedankt sich bei seinem Team"},"content":{"rendered":"\n<h2 class=\"wp-block-heading\">Was w\u00e4re der Verein ohne seine<br>Trainer, Betreuer und Helfer?<\/h2>\n\n\n\n<p>Diese Frage stellte sich der Vorstand vor kurzem und kam zu der nicht neuen Erkenntnis, dass es ohne dieses hervorragende Team nicht so erfolgreich und harmonisch zugehen w\u00fcrde.<\/p>\n\n\n\n<p>Als Dank und Anerkennung hat der Verein alle Trainer, Betreuer und Helfer zu einem gemeinsamen Essen eingeladen- und bis auf wenige folgten alle der Einladung.<\/p>\n\n\n\n<p>Im Rahmen dieser Veranstaltung nutzte der Vorstand auch die Chance, allen Anwesenden f\u00fcr ihre Unterst\u00fctzung in der Coronazeit zu danken.<\/p>\n\n\n\n<p>Insbesondere die Treue der Trainer, Betreuer und Helfer in dieser schwierigen Zeit hob der\u00a0<strong>1.Vorsitzende Eddy Hoffmann<\/strong>\u00a0positiv hervor und wollte sich daf\u00fcr mit diesem Abend bedanken.<\/p>\n\n\n\n<figure class=\"wp-block-image size-large\"><img loading=\"lazy\" decoding=\"async\" width=\"1024\" height=\"768\" src=\"https:\/\/sv-koerne83.de\/wordpress\/wp-content\/uploads\/2021\/10\/47a965cc-4978-4641-bb33-596ad467472f-1024x768.jpg\" alt=\"\" class=\"wp-image-2179\" srcset=\"https:\/\/sv-koerne83.de\/wordpress\/wp-content\/uploads\/2021\/10\/47a965cc-4978-4641-bb33-596ad467472f-1024x768.jpg 1024w, https:\/\/sv-koerne83.de\/wordpress\/wp-content\/uploads\/2021\/10\/47a965cc-4978-4641-bb33-596ad467472f-300x225.jpg 300w, https:\/\/sv-koerne83.de\/wordpress\/wp-content\/uploads\/2021\/10\/47a965cc-4978-4641-bb33-596ad467472f-768x576.jpg 768w, https:\/\/sv-koerne83.de\/wordpress\/wp-content\/uploads\/2021\/10\/47a965cc-4978-4641-bb33-596ad467472f-1536x1152.jpg 1536w, https:\/\/sv-koerne83.de\/wordpress\/wp-content\/uploads\/2021\/10\/47a965cc-4978-4641-bb33-596ad467472f-128x96.jpg 128w, https:\/\/sv-koerne83.de\/wordpress\/wp-content\/uploads\/2021\/10\/47a965cc-4978-4641-bb33-596ad467472f-32x24.jpg 32w, https:\/\/sv-koerne83.de\/wordpress\/wp-content\/uploads\/2021\/10\/47a965cc-4978-4641-bb33-596ad467472f.jpg 2048w\" sizes=\"auto, (max-width: 1024px) 100vw, 1024px\" \/><\/figure>\n\n\n\n<h2 class=\"wp-block-heading\">Verf\u00fcnffachung der Mietgliederzahl<\/h2>\n\n\n\n<p>In seiner kurzen Dankesrede wies er noch einmal darauf hin, dass es noch gar nicht so lange her ist, dass der Verein gerade mal 80 Mitglieder hatte und mittlerweile auf ca. 400 Mitglieder angewachsen ist. Besonders hervorgehoben wurde in diesem Zusammenhang, dass es in der langen Coronazeit kaum Abmeldungen gab, sondern ganz im Gegenteil neue Mitglieder hinzukamen.<\/p>\n\n\n\n<h2 class=\"wp-block-heading\">Blick nach vorne<\/h2>\n\n\n\n<p><strong>Tim Exner<\/strong>\u00a0stellte den Anwesenden vor, welche Ideen in der nahen und mittleren Zukunft realisiert werden sollen: eine \u00fcberdachte Trib\u00fcne, m\u00f6gliche Kleinspielfelder und eine Boule Bahn.<br>Des Weiteren informierte er \u00fcber bevorstehende Veranstaltungen.<\/p>\n\n\n\n<p><em>Text: Volker Oestreicher<\/em><\/p>\n","protected":false},"excerpt":{"rendered":"<p>Was w\u00e4re der Verein ohne seineTrainer, Betreuer und Helfer? Diese Frage stellte sich der Vorstand vor kurzem und kam zu der nicht neuen Erkenntnis, dass es ohne dieses hervorragende Team [&hellip;]<\/p>\n","protected":false},"author":2,"featured_media":2181,"comment_status":"closed","ping_status":"open","sticky":false,"template":"","format":"standard","meta":{"_jetpack_memberships_contains_paid_content":false,"footnotes":""},"categories":[1],"tags":[],"class_list":["post-2180","post","type-post","status-publish","format-standard","has-post-thumbnail","hentry","category-allgemein"],"jetpack_sharing_enabled":true,"jetpack_featured_media_url":"https:\/\/sv-koerne83.de\/wordpress\/wp-content\/uploads\/2021\/10\/1a5911e9-0889-411b-80e7-2b88243f41df.jpg","_links":{"self":[{"href":"https:\/\/sv-koerne83.de\/wordpress\/wp-json\/wp\/v2\/posts\/2180","targetHints":{"allow":["GET"]}}],"collection":[{"href":"https:\/\/sv-koerne83.de\/wordpress\/wp-json\/wp\/v2\/posts"}],"about":[{"href":"https:\/\/sv-koerne83.de\/wordpress\/wp-json\/wp\/v2\/types\/post"}],"author":[{"embeddable":true,"href":"https:\/\/sv-koerne83.de\/wordpress\/wp-json\/wp\/v2\/users\/2"}],"replies":[{"embeddable":true,"href":"https:\/\/sv-koerne83.de\/wordpress\/wp-json\/wp\/v2\/comments?post=2180"}],"version-history":[{"count":1,"href":"https:\/\/sv-koerne83.de\/wordpress\/wp-json\/wp\/v2\/posts\/2180\/revisions"}],"predecessor-version":[{"id":2182,"href":"https:\/\/sv-koerne83.de\/wordpress\/wp-json\/wp\/v2\/posts\/2180\/revisions\/2182"}],"wp:featuredmedia":[{"embeddable":true,"href":"https:\/\/sv-koerne83.de\/wordpress\/wp-json\/wp\/v2\/media\/2181"}],"wp:attachment":[{"href":"https:\/\/sv-koerne83.de\/wordpress\/wp-json\/wp\/v2\/media?parent=2180"}],"wp:term":[{"taxonomy":"category","embeddable":true,"href":"https:\/\/sv-koerne83.de\/wordpress\/wp-json\/wp\/v2\/categories?post=2180"},{"taxonomy":"post_tag","embeddable":true,"href":"https:\/\/sv-koerne83.de\/wordpress\/wp-json\/wp\/v2\/tags?post=2180"}],"curies":[{"name":"wp","href":"https:\/\/api.w.org\/{rel}","templated":true}]}}