{"id":2201,"date":"2021-10-20T09:16:04","date_gmt":"2021-10-20T07:16:04","guid":{"rendered":"https:\/\/sv-koerne83.de\/wordpress\/?p=2201"},"modified":"2021-10-20T10:07:13","modified_gmt":"2021-10-20T08:07:13","slug":"nachbarschaftsfest-und-halloween-beim-sv-koerne-83","status":"publish","type":"post","link":"https:\/\/sv-koerne83.de\/wordpress\/2021\/10\/20\/nachbarschaftsfest-und-halloween-beim-sv-koerne-83\/","title":{"rendered":"Nachbarschaftsfest und Halloween beim SV K\u00f6rne 83"},"content":{"rendered":"\n<p><strong>Ein gem\u00fctlicher Abend in netter Runde<\/strong><\/p>\n\n\n\n<p>Am 30.10.2021 ab 18 Uhr l\u00e4dt der SV K\u00f6rne 83 zum &#8222;Tag der Nachbarn&#8220; auf der Sportanlage Winkelriedweg ein. Gerne m\u00f6chte der Verein mit allen Nachbarn und Freunden einen gem\u00fctlichen Abend unter dem Motto &#8222;unser Viertel &#8211; unsere Heimat&#8220; verbringen. Der Abend, der zu Gespr\u00e4chen einl\u00e4dt, wird begleitet von der Coverband 4You!. Die Band aus Unna sorgt f\u00fcr die musikalische Stimmung mit bester Tanzmusik aus den 80er, 90er und der heutigen Zeit.\u00a0<\/p>\n\n\n\n<p><strong>Halloween-Fest f\u00fcr Kinder<\/strong><\/p>\n\n\n\n<p>Am Sonntag, den 31.10.2021, findet von 18 Uhr bis 20 Uhr auf dem Sportplatz das diesj\u00e4hrige Halloween-Kinderfest statt. Die kleinen Besucher und Besucherinnen haben am Platz die M\u00f6glichkeit zur Partymusik zu tanzen. Einzelne Spielstationen, wie Eierlauf, Torwandschie\u00dfen und Dosenwerfen stehen f\u00fcr die kleinen G\u00e4ste bereit. Selbstverst\u00e4ndlich d\u00fcrfen S\u00fc\u00dfigkeiten auch nicht fehlen. F\u00fcr das Halloween-Fest sind Verkleidungen gerne gesehen.<\/p>\n\n\n\n<figure class=\"wp-block-image size-large\"><img loading=\"lazy\" decoding=\"async\" width=\"726\" height=\"1024\" src=\"https:\/\/sv-koerne83.de\/wordpress\/wp-content\/uploads\/2021\/10\/SVK_Halloween-KidsParty-726x1024.jpg\" alt=\"\" class=\"wp-image-2202\" srcset=\"https:\/\/sv-koerne83.de\/wordpress\/wp-content\/uploads\/2021\/10\/SVK_Halloween-KidsParty-726x1024.jpg 726w, https:\/\/sv-koerne83.de\/wordpress\/wp-content\/uploads\/2021\/10\/SVK_Halloween-KidsParty-213x300.jpg 213w, https:\/\/sv-koerne83.de\/wordpress\/wp-content\/uploads\/2021\/10\/SVK_Halloween-KidsParty-768x1083.jpg 768w, https:\/\/sv-koerne83.de\/wordpress\/wp-content\/uploads\/2021\/10\/SVK_Halloween-KidsParty-1090x1536.jpg 1090w, https:\/\/sv-koerne83.de\/wordpress\/wp-content\/uploads\/2021\/10\/SVK_Halloween-KidsParty-91x128.jpg 91w, https:\/\/sv-koerne83.de\/wordpress\/wp-content\/uploads\/2021\/10\/SVK_Halloween-KidsParty-23x32.jpg 23w, https:\/\/sv-koerne83.de\/wordpress\/wp-content\/uploads\/2021\/10\/SVK_Halloween-KidsParty.jpg 1240w\" sizes=\"auto, (max-width: 726px) 100vw, 726px\" \/><\/figure>\n\n\n\n<p>An beiden Veranstaltungen ist f\u00fcr das kulinarische Angebot f\u00fcr jung und alt selbstverst\u00e4ndlich gesorgt. Beide Veranstaltungen finden sowohl drau\u00dfen, wie auch in Innenr\u00e4umen statt. F\u00fcr die Innenr\u00e4umen gilt die 3G-Regelung.<\/p>\n","protected":false},"excerpt":{"rendered":"<p>Ein gem\u00fctlicher Abend in netter Runde Am 30.10.2021 ab 18 Uhr l\u00e4dt der SV K\u00f6rne 83 zum &#8222;Tag der Nachbarn&#8220; auf der Sportanlage Winkelriedweg ein. Gerne m\u00f6chte der Verein mit [&hellip;]<\/p>\n","protected":false},"author":2,"featured_media":2203,"comment_status":"closed","ping_status":"open","sticky":false,"template":"","format":"standard","meta":{"_jetpack_memberships_contains_paid_content":false,"footnotes":""},"categories":[1],"tags":[],"class_list":["post-2201","post","type-post","status-publish","format-standard","has-post-thumbnail","hentry","category-allgemein"],"jetpack_sharing_enabled":true,"jetpack_featured_media_url":"https:\/\/sv-koerne83.de\/wordpress\/wp-content\/uploads\/2021\/10\/Flyer_Tag-der-Nachbarn.jpg","_links":{"self":[{"href":"https:\/\/sv-koerne83.de\/wordpress\/wp-json\/wp\/v2\/posts\/2201","targetHints":{"allow":["GET"]}}],"collection":[{"href":"https:\/\/sv-koerne83.de\/wordpress\/wp-json\/wp\/v2\/posts"}],"about":[{"href":"https:\/\/sv-koerne83.de\/wordpress\/wp-json\/wp\/v2\/types\/post"}],"author":[{"embeddable":true,"href":"https:\/\/sv-koerne83.de\/wordpress\/wp-json\/wp\/v2\/users\/2"}],"replies":[{"embeddable":true,"href":"https:\/\/sv-koerne83.de\/wordpress\/wp-json\/wp\/v2\/comments?post=2201"}],"version-history":[{"count":2,"href":"https:\/\/sv-koerne83.de\/wordpress\/wp-json\/wp\/v2\/posts\/2201\/revisions"}],"predecessor-version":[{"id":2209,"href":"https:\/\/sv-koerne83.de\/wordpress\/wp-json\/wp\/v2\/posts\/2201\/revisions\/2209"}],"wp:featuredmedia":[{"embeddable":true,"href":"https:\/\/sv-koerne83.de\/wordpress\/wp-json\/wp\/v2\/media\/2203"}],"wp:attachment":[{"href":"https:\/\/sv-koerne83.de\/wordpress\/wp-json\/wp\/v2\/media?parent=2201"}],"wp:term":[{"taxonomy":"category","embeddable":true,"href":"https:\/\/sv-koerne83.de\/wordpress\/wp-json\/wp\/v2\/categories?post=2201"},{"taxonomy":"post_tag","embeddable":true,"href":"https:\/\/sv-koerne83.de\/wordpress\/wp-json\/wp\/v2\/tags?post=2201"}],"curies":[{"name":"wp","href":"https:\/\/api.w.org\/{rel}","templated":true}]}}