{"id":2219,"date":"2021-11-09T12:45:31","date_gmt":"2021-11-09T11:45:31","guid":{"rendered":"https:\/\/sv-koerne83.de\/wordpress\/?p=2219"},"modified":"2021-11-09T12:45:32","modified_gmt":"2021-11-09T11:45:32","slug":"1-mannschaft-startet-in-halle-brackel","status":"publish","type":"post","link":"https:\/\/sv-koerne83.de\/wordpress\/2021\/11\/09\/1-mannschaft-startet-in-halle-brackel\/","title":{"rendered":"1. Mannschaft startet in Halle Brackel"},"content":{"rendered":"\n<p>Gestern fand die Auslosung zur Hallenstadtmeisterschaft statt. Unsere 1. Mannschaft trifft in der Halle Brackel auf den Westfalenligisten BV Westfalia Wickede, die A-Ligisten TuS Neuasseln und Eving Selimiye Spor, sowie dem B-Ligisten Wambeler SV. Die Vorrunde wird in dieser Saison mit einer F\u00fcnfergruppe gespielt, wo sich die Tabellenpl\u00e4tze 1 bis 3 f\u00fcr die Zwischenrunde qualifizieren. Die Vorrunde findet am 29.12.2021 ab 16.30 Uhr in der Halle Brackel statt.<\/p>\n","protected":false},"excerpt":{"rendered":"<p>Gestern fand die Auslosung zur Hallenstadtmeisterschaft statt. Unsere 1. Mannschaft trifft in der Halle Brackel auf den Westfalenligisten BV Westfalia Wickede, die A-Ligisten TuS Neuasseln und Eving Selimiye Spor, sowie [&hellip;]<\/p>\n","protected":false},"author":2,"featured_media":2218,"comment_status":"closed","ping_status":"open","sticky":false,"template":"","format":"standard","meta":{"_jetpack_memberships_contains_paid_content":false,"footnotes":""},"categories":[30,1],"tags":[],"class_list":["post-2219","post","type-post","status-publish","format-standard","has-post-thumbnail","hentry","category-1-mannschaft","category-allgemein"],"jetpack_sharing_enabled":true,"jetpack_featured_media_url":"https:\/\/sv-koerne83.de\/wordpress\/wp-content\/uploads\/2021\/11\/HSM_2021-scaled.jpg","_links":{"self":[{"href":"https:\/\/sv-koerne83.de\/wordpress\/wp-json\/wp\/v2\/posts\/2219","targetHints":{"allow":["GET"]}}],"collection":[{"href":"https:\/\/sv-koerne83.de\/wordpress\/wp-json\/wp\/v2\/posts"}],"about":[{"href":"https:\/\/sv-koerne83.de\/wordpress\/wp-json\/wp\/v2\/types\/post"}],"author":[{"embeddable":true,"href":"https:\/\/sv-koerne83.de\/wordpress\/wp-json\/wp\/v2\/users\/2"}],"replies":[{"embeddable":true,"href":"https:\/\/sv-koerne83.de\/wordpress\/wp-json\/wp\/v2\/comments?post=2219"}],"version-history":[{"count":1,"href":"https:\/\/sv-koerne83.de\/wordpress\/wp-json\/wp\/v2\/posts\/2219\/revisions"}],"predecessor-version":[{"id":2220,"href":"https:\/\/sv-koerne83.de\/wordpress\/wp-json\/wp\/v2\/posts\/2219\/revisions\/2220"}],"wp:featuredmedia":[{"embeddable":true,"href":"https:\/\/sv-koerne83.de\/wordpress\/wp-json\/wp\/v2\/media\/2218"}],"wp:attachment":[{"href":"https:\/\/sv-koerne83.de\/wordpress\/wp-json\/wp\/v2\/media?parent=2219"}],"wp:term":[{"taxonomy":"category","embeddable":true,"href":"https:\/\/sv-koerne83.de\/wordpress\/wp-json\/wp\/v2\/categories?post=2219"},{"taxonomy":"post_tag","embeddable":true,"href":"https:\/\/sv-koerne83.de\/wordpress\/wp-json\/wp\/v2\/tags?post=2219"}],"curies":[{"name":"wp","href":"https:\/\/api.w.org\/{rel}","templated":true}]}}