{"id":2232,"date":"2021-11-16T12:06:20","date_gmt":"2021-11-16T11:06:20","guid":{"rendered":"https:\/\/sv-koerne83.de\/wordpress\/?p=2232"},"modified":"2021-11-16T12:06:20","modified_gmt":"2021-11-16T11:06:20","slug":"jahreshauptversammlung-beim-sv-koerne","status":"publish","type":"post","link":"https:\/\/sv-koerne83.de\/wordpress\/2021\/11\/16\/jahreshauptversammlung-beim-sv-koerne\/","title":{"rendered":"Jahreshauptversammlung beim SV K\u00f6rne"},"content":{"rendered":"\n<p>Gestern fand im Vereinsheim die diesj\u00e4hrige Jahreshauptversammlung unter der 3G-Regelung statt. Die anwesenden Vereinsmitglieder erhielten von der Kassiererin Stefanie Werner einen finanziellen \u00dcberblick. Zus\u00e4tzlich beschrieb sie auch die Entwicklung der Mitgliederzahlen in den letzten Jahren. Die explosionsartige Entwicklung der Zahlen von knapp 250 Mitglieder auf \u00fcber 450 Mitglieder in k\u00fcrzester Zeit, gaben Grund zum Handeln den aktuellen Vorstand zu erweitern.<\/p>\n\n\n\n<h3 class=\"wp-block-heading\"><strong>NEUWAHLEN<\/strong><\/h3>\n\n\n\n<p>Wie bei jeder Jahreshauptversammlung standen neben dem Kassenbericht auch der Tagesordnungspunkt &#8222;Neuwahlen&#8220; im Mittelpunkt. In einer Einzelwahl wurde der langj\u00e4hrige <strong>1. Vorsitzende Eddy Hoffmann<\/strong> einstimmig wiedergew\u00e4hlt. Zu dem gesch\u00e4ftsf\u00fchrenden Vorstand wurden zus\u00e4tzlich <strong>Tim Exner (2. Vorsitzender)<\/strong>, <strong>Pawel Bartoszek (Gesch\u00e4ftsf\u00fchrer)<\/strong>, <strong>Daniel Uffelmann (2. Gesch\u00e4ftsf\u00fchrer)<\/strong> und <strong>Stefanie Werner (Kassiererin)<\/strong> gew\u00e4hlt. Verst\u00e4rkt wird der Vorstand durch <strong>Sabrina Exner<\/strong>, welche die Mitgliederverwaltung \u00fcbernimmt. Auch die Funktionen der Beisitzer:innen sind durch Mitglieder aus den Bereichen Jugend- und Seniorenfu\u00dfball, Bodyshape und Frauenfu\u00dfball besetzt. Ganz neu wird der SV K\u00f6rne einen \u00c4ltestenrat einf\u00fchren. Diesem werden lediglich Vereinsmitglieder angeh\u00f6ren, die l\u00e4nger als 25 Jahre dem Verein die Treue gehalten haben. Die Hauptaufgabe vom \u00c4ltestenrat wird es sein, darauf zu achten, dass die Vereinswerte auch in Zukunft gewahrt werden.<\/p>\n\n\n\n<h3 class=\"wp-block-heading\"><strong>BLICK IN DIE ZUKUNFT<\/strong><\/h3>\n\n\n\n<p>Mit dieser neuen Ausrichtung blickt der SV K\u00f6rne 83 positiv in die Zukunft und nimmt motiviert die kommenden Aufgaben in Angriff.<\/p>\n","protected":false},"excerpt":{"rendered":"<p>Gestern fand im Vereinsheim die diesj\u00e4hrige Jahreshauptversammlung unter der 3G-Regelung statt. Die anwesenden Vereinsmitglieder erhielten von der Kassiererin Stefanie Werner einen finanziellen \u00dcberblick. Zus\u00e4tzlich beschrieb sie auch die Entwicklung der [&hellip;]<\/p>\n","protected":false},"author":2,"featured_media":2235,"comment_status":"closed","ping_status":"open","sticky":false,"template":"","format":"standard","meta":{"_jetpack_memberships_contains_paid_content":false,"footnotes":""},"categories":[1],"tags":[],"class_list":["post-2232","post","type-post","status-publish","format-standard","has-post-thumbnail","hentry","category-allgemein"],"jetpack_sharing_enabled":true,"jetpack_featured_media_url":"https:\/\/sv-koerne83.de\/wordpress\/wp-content\/uploads\/2021\/11\/SVK_Instagram_Jahreshauptversammlung2-scaled.jpg","_links":{"self":[{"href":"https:\/\/sv-koerne83.de\/wordpress\/wp-json\/wp\/v2\/posts\/2232","targetHints":{"allow":["GET"]}}],"collection":[{"href":"https:\/\/sv-koerne83.de\/wordpress\/wp-json\/wp\/v2\/posts"}],"about":[{"href":"https:\/\/sv-koerne83.de\/wordpress\/wp-json\/wp\/v2\/types\/post"}],"author":[{"embeddable":true,"href":"https:\/\/sv-koerne83.de\/wordpress\/wp-json\/wp\/v2\/users\/2"}],"replies":[{"embeddable":true,"href":"https:\/\/sv-koerne83.de\/wordpress\/wp-json\/wp\/v2\/comments?post=2232"}],"version-history":[{"count":4,"href":"https:\/\/sv-koerne83.de\/wordpress\/wp-json\/wp\/v2\/posts\/2232\/revisions"}],"predecessor-version":[{"id":2239,"href":"https:\/\/sv-koerne83.de\/wordpress\/wp-json\/wp\/v2\/posts\/2232\/revisions\/2239"}],"wp:featuredmedia":[{"embeddable":true,"href":"https:\/\/sv-koerne83.de\/wordpress\/wp-json\/wp\/v2\/media\/2235"}],"wp:attachment":[{"href":"https:\/\/sv-koerne83.de\/wordpress\/wp-json\/wp\/v2\/media?parent=2232"}],"wp:term":[{"taxonomy":"category","embeddable":true,"href":"https:\/\/sv-koerne83.de\/wordpress\/wp-json\/wp\/v2\/categories?post=2232"},{"taxonomy":"post_tag","embeddable":true,"href":"https:\/\/sv-koerne83.de\/wordpress\/wp-json\/wp\/v2\/tags?post=2232"}],"curies":[{"name":"wp","href":"https:\/\/api.w.org\/{rel}","templated":true}]}}