{"id":2254,"date":"2021-11-23T07:47:58","date_gmt":"2021-11-23T06:47:58","guid":{"rendered":"https:\/\/sv-koerne83.de\/wordpress\/?p=2254"},"modified":"2021-11-23T07:47:59","modified_gmt":"2021-11-23T06:47:59","slug":"derbytime-fuer-die-2-mannschaft","status":"publish","type":"post","link":"https:\/\/sv-koerne83.de\/wordpress\/2021\/11\/23\/derbytime-fuer-die-2-mannschaft\/","title":{"rendered":"Derbytime f\u00fcr die 2. Mannschaft"},"content":{"rendered":"\n<p>Am Sonntag findet um 14.30 Uhr im heimischen Affenk\u00e4fig das Derby gegen DJK TuS K\u00f6rne II statt. Die Mannschaft vom Zippen belegt aktuell den 3. Tabellenplatz. Lediglich 6 Punkte dahinter, jedoch ein Spiel mehr, liegt die Mannschaft von Trainer Andree Schmitz auf dem 5. Tabellenplatz.<\/p>\n\n\n\n<p>Das Spiel verspricht Spannung und ist ein Garant f\u00fcr ein Offensivspektakel. SVK-Torj\u00e4ger Falco Lieschke belegt in der Tosch\u00fctzenliste der Liga den 1. Platz mit aktuell 14 Treffern. Der Toptorj\u00e4ger von TuS K\u00f6rne, Jannis Pieper, belegt den 3. Platz mit aktuell 12 Treffern. <\/p>\n\n\n\n<p>Ansto\u00df am Winkelriedweg ist um 14.30 Uhr. Wir sehen uns am Sonntag im Affenk\u00e4fig!<\/p>\n","protected":false},"excerpt":{"rendered":"<p>Am Sonntag findet um 14.30 Uhr im heimischen Affenk\u00e4fig das Derby gegen DJK TuS K\u00f6rne II statt. Die Mannschaft vom Zippen belegt aktuell den 3. Tabellenplatz. Lediglich 6 Punkte dahinter, [&hellip;]<\/p>\n","protected":false},"author":2,"featured_media":2250,"comment_status":"closed","ping_status":"open","sticky":false,"template":"","format":"standard","meta":{"_jetpack_memberships_contains_paid_content":false,"footnotes":""},"categories":[31,1],"tags":[],"class_list":["post-2254","post","type-post","status-publish","format-standard","has-post-thumbnail","hentry","category-2-mannschaft","category-allgemein"],"jetpack_sharing_enabled":true,"jetpack_featured_media_url":"https:\/\/sv-koerne83.de\/wordpress\/wp-content\/uploads\/2021\/11\/SVK_Instagram_Derby2-scaled.jpg","_links":{"self":[{"href":"https:\/\/sv-koerne83.de\/wordpress\/wp-json\/wp\/v2\/posts\/2254","targetHints":{"allow":["GET"]}}],"collection":[{"href":"https:\/\/sv-koerne83.de\/wordpress\/wp-json\/wp\/v2\/posts"}],"about":[{"href":"https:\/\/sv-koerne83.de\/wordpress\/wp-json\/wp\/v2\/types\/post"}],"author":[{"embeddable":true,"href":"https:\/\/sv-koerne83.de\/wordpress\/wp-json\/wp\/v2\/users\/2"}],"replies":[{"embeddable":true,"href":"https:\/\/sv-koerne83.de\/wordpress\/wp-json\/wp\/v2\/comments?post=2254"}],"version-history":[{"count":1,"href":"https:\/\/sv-koerne83.de\/wordpress\/wp-json\/wp\/v2\/posts\/2254\/revisions"}],"predecessor-version":[{"id":2255,"href":"https:\/\/sv-koerne83.de\/wordpress\/wp-json\/wp\/v2\/posts\/2254\/revisions\/2255"}],"wp:featuredmedia":[{"embeddable":true,"href":"https:\/\/sv-koerne83.de\/wordpress\/wp-json\/wp\/v2\/media\/2250"}],"wp:attachment":[{"href":"https:\/\/sv-koerne83.de\/wordpress\/wp-json\/wp\/v2\/media?parent=2254"}],"wp:term":[{"taxonomy":"category","embeddable":true,"href":"https:\/\/sv-koerne83.de\/wordpress\/wp-json\/wp\/v2\/categories?post=2254"},{"taxonomy":"post_tag","embeddable":true,"href":"https:\/\/sv-koerne83.de\/wordpress\/wp-json\/wp\/v2\/tags?post=2254"}],"curies":[{"name":"wp","href":"https:\/\/api.w.org\/{rel}","templated":true}]}}