{"id":2266,"date":"2021-11-24T10:21:18","date_gmt":"2021-11-24T09:21:18","guid":{"rendered":"https:\/\/sv-koerne83.de\/wordpress\/?p=2266"},"modified":"2021-11-24T10:24:53","modified_gmt":"2021-11-24T09:24:53","slug":"aktuelle-coronaschutzmassnahmen","status":"publish","type":"post","link":"https:\/\/sv-koerne83.de\/wordpress\/2021\/11\/24\/aktuelle-coronaschutzmassnahmen\/","title":{"rendered":"Aktuelle Coronaschutzma\u00dfnahmen"},"content":{"rendered":"\n<p>Hiermit m\u00f6chte der Verein offiziell \u00fcber die aktuellen Coronaschutzma\u00dfnahmen informieren, welche ab heute (24.11.2021) auf der Sportanlage Winkelriedweg gelten.<\/p>\n\n\n\n<p><strong>2G Regel:<\/strong><br>Spieler*innen, Trainer*innen, Schiedsrichter*innen, Zuschauer und Eltern (ab 16 Jahre) m\u00fcssen vollst\u00e4ndig geimpft oder genesen sein, um die Sportanlage betreten zu d\u00fcrfen. Dies gilt sowohl beim Spiel- wie auch beim Trainingsbetrieb.<br><br>Beim Bodyshape-Kurs gilt ebenfalls die 2G-Regelung.<\/p>\n\n\n\n<p><strong>Kinder und Jugendliche:<\/strong><br>F\u00fcr Kinder und Jugendliche (unter 16 Jahre) gilt nicht die 2G-Regelung. Diese k\u00f6nnen wie gewohnt zum Sportplatz kommen. Testungen finden regelm\u00e4\u00dfig in den Schulen statt.<\/p>\n\n\n\n<p><strong>3G Regel:<\/strong><br>Ehrenamtliche Helfer (Trainer, Betreuer, Ordner, etc.) m\u00fcssen, wenn sie nicht vollst\u00e4ndig immunisiert sind, einen tagesaktuellen Coronaschnelltest, von einer offiziellen Teststelle, vorlegen. Auf der Sportanlage m\u00fcssen nicht vollst\u00e4ndig immunisierte Personen eine medizinische Maske tragen.<\/p>\n\n\n\n<p><strong>Impfungen:<\/strong><br>Die Stadt Dortmund bietet in der Thier-Galerie t\u00e4glich Impfungen ohne Termin in der Zeit von 12.00 bis 17.00 Uhr an.<\/p>\n\n\n\n<p>Die Mannschaftsverantwortlichen sind f\u00fcr die Einhaltung der Regeln verantwortlich. Der Verein beh\u00e4lt sich die stichprobenartige \u00dcberpr\u00fcfung vor. Die allgemeinen Abstands- und Hygieneregeln bleiben bestehen. Am 28.11.2021 findet an der Tageskasse die \u00dcberpr\u00fcfung der 2G-Regel statt.<\/p>\n","protected":false},"excerpt":{"rendered":"<p>Hiermit m\u00f6chte der Verein offiziell \u00fcber die aktuellen Coronaschutzma\u00dfnahmen informieren, welche ab heute (24.11.2021) auf der Sportanlage Winkelriedweg gelten. 2G Regel:Spieler*innen, Trainer*innen, Schiedsrichter*innen, Zuschauer und Eltern (ab 16 Jahre) m\u00fcssen [&hellip;]<\/p>\n","protected":false},"author":2,"featured_media":2267,"comment_status":"closed","ping_status":"open","sticky":false,"template":"","format":"standard","meta":{"_jetpack_memberships_contains_paid_content":false,"footnotes":""},"categories":[1],"tags":[],"class_list":["post-2266","post","type-post","status-publish","format-standard","has-post-thumbnail","hentry","category-allgemein"],"jetpack_sharing_enabled":true,"jetpack_featured_media_url":"https:\/\/sv-koerne83.de\/wordpress\/wp-content\/uploads\/2021\/11\/SVK_Instagram_coronainformation_2G2-scaled.jpg","_links":{"self":[{"href":"https:\/\/sv-koerne83.de\/wordpress\/wp-json\/wp\/v2\/posts\/2266","targetHints":{"allow":["GET"]}}],"collection":[{"href":"https:\/\/sv-koerne83.de\/wordpress\/wp-json\/wp\/v2\/posts"}],"about":[{"href":"https:\/\/sv-koerne83.de\/wordpress\/wp-json\/wp\/v2\/types\/post"}],"author":[{"embeddable":true,"href":"https:\/\/sv-koerne83.de\/wordpress\/wp-json\/wp\/v2\/users\/2"}],"replies":[{"embeddable":true,"href":"https:\/\/sv-koerne83.de\/wordpress\/wp-json\/wp\/v2\/comments?post=2266"}],"version-history":[{"count":2,"href":"https:\/\/sv-koerne83.de\/wordpress\/wp-json\/wp\/v2\/posts\/2266\/revisions"}],"predecessor-version":[{"id":2269,"href":"https:\/\/sv-koerne83.de\/wordpress\/wp-json\/wp\/v2\/posts\/2266\/revisions\/2269"}],"wp:featuredmedia":[{"embeddable":true,"href":"https:\/\/sv-koerne83.de\/wordpress\/wp-json\/wp\/v2\/media\/2267"}],"wp:attachment":[{"href":"https:\/\/sv-koerne83.de\/wordpress\/wp-json\/wp\/v2\/media?parent=2266"}],"wp:term":[{"taxonomy":"category","embeddable":true,"href":"https:\/\/sv-koerne83.de\/wordpress\/wp-json\/wp\/v2\/categories?post=2266"},{"taxonomy":"post_tag","embeddable":true,"href":"https:\/\/sv-koerne83.de\/wordpress\/wp-json\/wp\/v2\/tags?post=2266"}],"curies":[{"name":"wp","href":"https:\/\/api.w.org\/{rel}","templated":true}]}}