{"id":2285,"date":"2021-12-10T16:15:09","date_gmt":"2021-12-10T15:15:09","guid":{"rendered":"https:\/\/sv-koerne83.de\/wordpress\/?p=2285"},"modified":"2021-12-10T16:28:46","modified_gmt":"2021-12-10T15:28:46","slug":"sv-koerne-83-blickt-auf-ein-erfolgreiches-jahr-zurueck","status":"publish","type":"post","link":"https:\/\/sv-koerne83.de\/wordpress\/2021\/12\/10\/sv-koerne-83-blickt-auf-ein-erfolgreiches-jahr-zurueck\/","title":{"rendered":"SV K\u00f6rne 83 blickt auf ein erfolgreiches Jahr zur\u00fcck"},"content":{"rendered":"\n<p>Trotz der Pandemie und den dadurch entstandenen Schwierigkeiten blickt der SV K\u00f6rne 83 zusammen mit seinem 1. Vorsitzenden Eddy Hoffmann auf ein erfolgreiches Jahr zur\u00fcck. Neben den sportlichen Aspekten, wo man festhalten kann, dass alle Mannschaften im Soll liegen, konnten auch viele Projekte und Gro\u00dfveranstaltungen durchgef\u00fchrt werden.<\/p>\n\n\n\n<p>Der diesj\u00e4hrige K\u00f6rner Treff fand erneut auf der Sportanlage am Winkelriedweg statt und auch mit dem Nachbarschaftsfest und der Kinderhalloweenparty konnte der Verein viele Freunde und Wegbegleiter erfreuen. Ende November stand noch das bis dato letzte Gro\u00dfevent auf dem Programm. Bei dem Meisterschaftsspiel der Frauen gegen Borussia Dortmund besuchten mehr als 500 Personen die Sportanlage.<\/p>\n\n\n\n<p><strong>Defibrillatoren f\u00fcr Sportst\u00e4tten<\/strong><\/p>\n\n\n\n<p>Mit zwei mobilen Defibrillatoren f\u00fcr die Sportst\u00e4tten steuerte der Verein nun einen gro\u00dfen Beitrag f\u00fcr die Sicherheit der Sporttreibenden bei. Wie die schrecklichen Bilder der diesj\u00e4hrigen Europameisterschaft um Christian Eriksen zeigten, retten Defibrillatoren Leben. Ein Ger\u00e4t wird der Verein am Sportplatz installieren. Ein weiteres Ger\u00e4t stellt der Verein der Sporthalle zur Verf\u00fcgung. Beide Defibrillatoren sind vom Verein bezahlt, k\u00f6nnen jedoch sowohl von den ans\u00e4ssigen Schulen, sowie von allen Sportvereinen benutzt werden. \u201eDie erste Hilfe muss an den Sportanlagen gesichert sein\u201c, so K\u00f6rnes 1. Vorsitzender Eddy Hoffmann.<\/p>\n\n\n\n<p><strong>Erweiterung am Sportplatz<\/strong><\/p>\n\n\n\n<p>Auch bei der qualitativen Steigerung des Sportplatzes ist der Verein einen gro\u00dfen Schritt weitergekommen. F\u00fcr den Bau der neuen Sitzplatztrib\u00fcne erhielt der SV K\u00f6rne 83 einen finanziellen Zuschuss der Bezirksvertretung von 11.000 Euro. Mit dieser starken finanziellen Unterst\u00fctzung zeigt die Politik und die Stadtverwaltung die Wertsch\u00e4tzung des Vereins und w\u00fcrdigt auch dessen Leistungen. Die Bauma\u00dfnahmen beginnen, sobald es die Witterung zul\u00e4sst.<\/p>\n\n\n\n<p><strong>Sponsoren<\/strong><\/p>\n\n\n\n<p>Einen gro\u00dfen Dank sendet Eddy Hoffmann an alle Sponsoren, die den Verein im vergangenen Jahr unterst\u00fctzt haben. \u201eWir freuen uns, dass wir es geschafft haben, ein gutes Verh\u00e4ltnis zu unseren Sponsoren aufzubauen. Wir gehen mit vielen Sponsoren schon seit langer Zeit denselben Weg und freuen uns \u00fcber die gemeinsam erreichten Ziele.\u201c, so Eddy Hoffmann.<\/p>\n\n\n\n<p>Hier muss man die Zusammenarbeit mit der Zehnthof-Apotheke und der K\u00f6rnebach-Apotheke hervorheben. Beide Apotheken begleiten den Verein schon seit mehr als drei Jahrzehnten. Damals noch mit dem ehemaligen Inhaber Axel Krause, mittlerweile fortgef\u00fchrt von Birgitt Bockermann und Dominic Merten.<\/p>\n\n\n\n<p><strong>Besinnliche Weihnachtstage<\/strong><\/p>\n\n\n\n<p>F\u00fcr die bevorstehenden Weihnachtstage w\u00fcnscht der Verein allen Mitgliedern, Freunden, Sponsoren und Eltern eine erholsame Weihnachtszeit. Leider wird sie auch in diesem Jahr pandemiebedingt wieder ein wenig anders ausfallen aber dies bietet die M\u00f6glichkeit Kraft zu sammeln f\u00fcr das bevorstehende Jahr 2022.<\/p>\n","protected":false},"excerpt":{"rendered":"<p>Trotz der Pandemie und den dadurch entstandenen Schwierigkeiten blickt der SV K\u00f6rne 83 zusammen mit seinem 1. Vorsitzenden Eddy Hoffmann auf ein erfolgreiches Jahr zur\u00fcck. Neben den sportlichen Aspekten, wo [&hellip;]<\/p>\n","protected":false},"author":2,"featured_media":2284,"comment_status":"closed","ping_status":"open","sticky":false,"template":"","format":"standard","meta":{"_jetpack_memberships_contains_paid_content":false,"footnotes":""},"categories":[1],"tags":[],"class_list":["post-2285","post","type-post","status-publish","format-standard","has-post-thumbnail","hentry","category-allgemein"],"jetpack_sharing_enabled":true,"jetpack_featured_media_url":"https:\/\/sv-koerne83.de\/wordpress\/wp-content\/uploads\/2021\/12\/SVK_Instagram_Jahresrueckblick2-scaled.jpg","_links":{"self":[{"href":"https:\/\/sv-koerne83.de\/wordpress\/wp-json\/wp\/v2\/posts\/2285","targetHints":{"allow":["GET"]}}],"collection":[{"href":"https:\/\/sv-koerne83.de\/wordpress\/wp-json\/wp\/v2\/posts"}],"about":[{"href":"https:\/\/sv-koerne83.de\/wordpress\/wp-json\/wp\/v2\/types\/post"}],"author":[{"embeddable":true,"href":"https:\/\/sv-koerne83.de\/wordpress\/wp-json\/wp\/v2\/users\/2"}],"replies":[{"embeddable":true,"href":"https:\/\/sv-koerne83.de\/wordpress\/wp-json\/wp\/v2\/comments?post=2285"}],"version-history":[{"count":2,"href":"https:\/\/sv-koerne83.de\/wordpress\/wp-json\/wp\/v2\/posts\/2285\/revisions"}],"predecessor-version":[{"id":2287,"href":"https:\/\/sv-koerne83.de\/wordpress\/wp-json\/wp\/v2\/posts\/2285\/revisions\/2287"}],"wp:featuredmedia":[{"embeddable":true,"href":"https:\/\/sv-koerne83.de\/wordpress\/wp-json\/wp\/v2\/media\/2284"}],"wp:attachment":[{"href":"https:\/\/sv-koerne83.de\/wordpress\/wp-json\/wp\/v2\/media?parent=2285"}],"wp:term":[{"taxonomy":"category","embeddable":true,"href":"https:\/\/sv-koerne83.de\/wordpress\/wp-json\/wp\/v2\/categories?post=2285"},{"taxonomy":"post_tag","embeddable":true,"href":"https:\/\/sv-koerne83.de\/wordpress\/wp-json\/wp\/v2\/tags?post=2285"}],"curies":[{"name":"wp","href":"https:\/\/api.w.org\/{rel}","templated":true}]}}