{"id":2288,"date":"2021-12-13T10:24:15","date_gmt":"2021-12-13T09:24:15","guid":{"rendered":"https:\/\/sv-koerne83.de\/wordpress\/?p=2288"},"modified":"2021-12-13T11:10:16","modified_gmt":"2021-12-13T10:10:16","slug":"jugend-verabschiedet-sich-in-die-winterpause","status":"publish","type":"post","link":"https:\/\/sv-koerne83.de\/wordpress\/2021\/12\/13\/jugend-verabschiedet-sich-in-die-winterpause\/","title":{"rendered":"Jugend verabschiedet sich in die Winterpause"},"content":{"rendered":"\n<p>F\u00fcr die Kinder und Jugendlichen ist nun das Fu\u00dfballjahr 2021 abgeschlossen. Am Wochenende fanden die letzte Spiele f\u00fcr dieses Jahr statt. Zeit f\u00fcr einen kleinen R\u00fcckblick.&nbsp;<\/p>\n\n\n\n<p><strong>G-Jugend<\/strong><\/p>\n\n\n\n<p>Die j\u00fcngsten Kicker in unserem Verein spielen ja ohne eine offizielle Wertung. Hier steht der Spa\u00df am Fu\u00dfball im Vordergrund. Die Kicker*innen vom Trainerduo Patrick Burckhardt und Michael Kallweit konnten Siege feiern, mussten aber auch die ein oder andere Niederlage hinnehmen.<\/p>\n\n\n\n<p><strong>F-Jugend<\/strong><\/p>\n\n\n\n<p>Auch bei den F-Junioren wird keine \u00f6ffentliche Tabelle gef\u00fchrt. Auch hier k\u00f6nnen wir euch aber mitteilen, dass unsere F1-Jugend in eine stark besetzte Finalrunde einziehen konnte. Hier traf die Mannschaft von Trainer Ralf Schwarz auf starke Gegner, wie den VfR S\u00f6lde und den Hombrucher SV.&nbsp;<\/p>\n\n\n\n<p>Unsere F2-Jugend mit ihrem Trainer Daniel Uffelmann zeigte sich auch in einer guten Verfassung. In ihrer Finalrunde konnte sich die Mannschaft gut pr\u00e4sentieren. Den Spa\u00df am Fu\u00dfball hat man den Jungs und M\u00e4dchen in jedem Spiel angesehen.&nbsp;<\/p>\n\n\n\n<p><strong>E-Jugend&nbsp;<\/strong><\/p>\n\n\n\n<p>Bei unseren drei E-Jugendmannschaften werden offizielle Tabellen gef\u00fchrt. Alle drei Teams haben sich in ihren Qualifikationsgruppen gut pr\u00e4sentiert. Die E3 erreichte die Hauptrunde A. Die E1 und die E2 verfehlten diese nur knapp. In der Hauptrunde A musste jedoch das E3-Team mit ihrem Trainer Yassir Bouzerda einige Niederlagen hinnehmen. Dennoch ein erfolgreiches Jahr f\u00fcr die Jungs.&nbsp;<\/p>\n\n\n\n<p>Die E1 steht in der Hauptrunde B aktuell auf dem zweiten Tabellenplatz. F\u00fcr die Kicker von Trainer Andreas Lorenz ein vers\u00f6hnlicher Jahresabschluss.&nbsp;<\/p>\n\n\n\n<p>Die E2 und ihre beiden Trainer Dirk Friederichs und Markus Sulewski mussten den Weg in die Hauptrunde C antreten. Letztlich war die Tabellensituation in der Qualifikationsgruppe so eng, dass man mit einem Sieg mehr in eine andere Hauptrunde eingezogen w\u00e4re. In der Hauptrunde C belegt die E-Jugend aktuell den vierten Tabellenplatz.<\/p>\n\n\n\n<p><strong>D-Jugend<\/strong><\/p>\n\n\n\n<p>Unsere beiden D-Jugendmannschaften konnten sich in ihren Qualifikationsgruppen nicht in den oberen Tabellenregionen positionieren. So traten beide Teams den Weg in die Hauptrunde C an.&nbsp;<\/p>\n\n\n\n<p>Die D1-Jugend mit ihrem Trainer Thomas Meier belegt in der Hauptrunde C2 den siebten Tabellenplatz. Nach anf\u00e4nglichen Startschwierigkeiten verliefen die letzten beiden Spiele in diesem Jahr erfreulich und man konnte zwei Siege in Folge einfahren.&nbsp;<\/p>\n\n\n\n<p>Die D2-Jugend belegt in der Hauptrunde C1 den zweiten Tabellenplatz. F\u00fcr die verbleiben Spiele in dieser Saison, kann die Mannschaft von Trainer Alexander Malzahn den ersten Tabellenplatz noch erreichen. Tabellenf\u00fchrer TuS Kruckel II hat lediglich drei Punkte Vorsprung.&nbsp;<\/p>\n\n\n\n<p><strong>C-Jugend<\/strong><\/p>\n\n\n\n<p>Die C-Jugend schloss die Qualifikationsrunde auf dem f\u00fcnften Tabellenplatz ab und zog damit in die Hauptrunde B ein. Hier musste das Team von Trainer Serdar Calmekik, leider nur Niederlagen hinnehmen. Dennoch sind die Jungs weiterhin am Ball und probieren jede Woche das Bestm\u00f6gliche zu erreichen.&nbsp;<\/p>\n\n\n\n<p><strong>B-Jugend<\/strong><\/p>\n\n\n\n<p>Die B-Jugend beendete die Qualifikationsrunde als Tabellenerster. Somit zog die Mannschaft von Trainer Tobias Schigowski in die Hauptrunde A ein. Hier steht man aktuell auf dem vierten Tabellenplatz. Ist aber immer noch in der Spitzengruppe vertreten und hat auch hier weiterhin die M\u00f6glichkeit auf die Tabellenspitze.&nbsp;<\/p>\n\n\n\n<p><strong>A-Jugend<\/strong><\/p>\n\n\n\n<p>Den wohl h\u00f6chsten Sieg in diesem Jahr f\u00fcr den SV K\u00f6rne 83 erreicht unsere A-Jugend. Mit 30:0 konnte der TSC Brambauer II geschlagen werden. Trotz des hohen Ergebnis erreichte das Team vom Trainerduo Claus Iglhaut und Thomas Bliemeister nur die Hauptrunde B. Hier belegt man aktuell den sechsten Tabellenplatz.<\/p>\n\n\n\n<p>Zusammengefasst kann der SV K\u00f6rne zufrieden auf ein schwieriges Pandemiejahr zur\u00fcckblicken. Wir m\u00f6chten uns bei allen Spieler*innen und Trainer*innen bedanken, dass ihr euch jede Woche f\u00fcr den Verein engagiert, die geltenden Coronaregeln gewissenhaft umsetzt und ihr immer mit Herzblut f\u00fcr eure Mannschaft da seid. Wir w\u00fcnschen euch allen frohe Weihnachtstage, einen guten Rutsch ins neue Jahr und weiterhin viel Erfolg und Freude f\u00fcr das Jahr 2022.\u00a0<\/p>\n","protected":false},"excerpt":{"rendered":"<p>F\u00fcr die Kinder und Jugendlichen ist nun das Fu\u00dfballjahr 2021 abgeschlossen. Am Wochenende fanden die letzte Spiele f\u00fcr dieses Jahr statt. Zeit f\u00fcr einen kleinen R\u00fcckblick.&nbsp; G-Jugend Die j\u00fcngsten Kicker [&hellip;]<\/p>\n","protected":false},"author":2,"featured_media":2290,"comment_status":"closed","ping_status":"open","sticky":false,"template":"","format":"standard","meta":{"_jetpack_memberships_contains_paid_content":false,"footnotes":""},"categories":[1,35],"tags":[],"class_list":["post-2288","post","type-post","status-publish","format-standard","has-post-thumbnail","hentry","category-allgemein","category-jugend"],"jetpack_sharing_enabled":true,"jetpack_featured_media_url":"https:\/\/sv-koerne83.de\/wordpress\/wp-content\/uploads\/2021\/12\/SVK_Instagram_Jahresrueckblick_Jugendmannschaften2-scaled.jpg","_links":{"self":[{"href":"https:\/\/sv-koerne83.de\/wordpress\/wp-json\/wp\/v2\/posts\/2288","targetHints":{"allow":["GET"]}}],"collection":[{"href":"https:\/\/sv-koerne83.de\/wordpress\/wp-json\/wp\/v2\/posts"}],"about":[{"href":"https:\/\/sv-koerne83.de\/wordpress\/wp-json\/wp\/v2\/types\/post"}],"author":[{"embeddable":true,"href":"https:\/\/sv-koerne83.de\/wordpress\/wp-json\/wp\/v2\/users\/2"}],"replies":[{"embeddable":true,"href":"https:\/\/sv-koerne83.de\/wordpress\/wp-json\/wp\/v2\/comments?post=2288"}],"version-history":[{"count":3,"href":"https:\/\/sv-koerne83.de\/wordpress\/wp-json\/wp\/v2\/posts\/2288\/revisions"}],"predecessor-version":[{"id":2292,"href":"https:\/\/sv-koerne83.de\/wordpress\/wp-json\/wp\/v2\/posts\/2288\/revisions\/2292"}],"wp:featuredmedia":[{"embeddable":true,"href":"https:\/\/sv-koerne83.de\/wordpress\/wp-json\/wp\/v2\/media\/2290"}],"wp:attachment":[{"href":"https:\/\/sv-koerne83.de\/wordpress\/wp-json\/wp\/v2\/media?parent=2288"}],"wp:term":[{"taxonomy":"category","embeddable":true,"href":"https:\/\/sv-koerne83.de\/wordpress\/wp-json\/wp\/v2\/categories?post=2288"},{"taxonomy":"post_tag","embeddable":true,"href":"https:\/\/sv-koerne83.de\/wordpress\/wp-json\/wp\/v2\/tags?post=2288"}],"curies":[{"name":"wp","href":"https:\/\/api.w.org\/{rel}","templated":true}]}}