{"id":2297,"date":"2021-12-15T07:20:02","date_gmt":"2021-12-15T06:20:02","guid":{"rendered":"https:\/\/sv-koerne83.de\/wordpress\/?p=2297"},"modified":"2021-12-15T07:20:02","modified_gmt":"2021-12-15T06:20:02","slug":"2-mannschaft-mit-richtungsweisenden-spiel","status":"publish","type":"post","link":"https:\/\/sv-koerne83.de\/wordpress\/2021\/12\/15\/2-mannschaft-mit-richtungsweisenden-spiel\/","title":{"rendered":"2. Mannschaft mit richtungsweisenden Spiel"},"content":{"rendered":"\n<p>Die 2. Mannschaft reist am Sonntag zur Zweitvertretung von Westfalia Wickede. F\u00fcr die Mannschaft von Trainer Andree Schmitz ist dies ein richtungsweisendes Spiel. Bei einer Niederlage verspielt man sich den guten Saisonstart und droht in die untere H\u00e4lfte der Tabelle abzurutschen. Bei einem Sieg \u00fcberwintert man jedoch in der oberen Tabellenh\u00e4lfte. <\/p>\n\n\n\n<p>Die Mannschaft aus dem Pappelstadion musste in dieser Saison schon 62 Gegentore hinnehmen, hat jedoch auch \u00f6fter getroffen als die Jungs aus der 2. Mannschaft. <\/p>\n\n\n\n<p>Ansto\u00df am Fr\u00e4nkischen Friedhof ist am Sonntag um 12.30 Uhr. <\/p>\n","protected":false},"excerpt":{"rendered":"<p>Die 2. Mannschaft reist am Sonntag zur Zweitvertretung von Westfalia Wickede. F\u00fcr die Mannschaft von Trainer Andree Schmitz ist dies ein richtungsweisendes Spiel. Bei einer Niederlage verspielt man sich den [&hellip;]<\/p>\n","protected":false},"author":2,"featured_media":2301,"comment_status":"closed","ping_status":"open","sticky":false,"template":"","format":"standard","meta":{"_jetpack_memberships_contains_paid_content":false,"footnotes":""},"categories":[31,1],"tags":[],"class_list":["post-2297","post","type-post","status-publish","format-standard","has-post-thumbnail","hentry","category-2-mannschaft","category-allgemein"],"jetpack_sharing_enabled":true,"jetpack_featured_media_url":"https:\/\/sv-koerne83.de\/wordpress\/wp-content\/uploads\/2021\/12\/SVK_Instagram_zweite_Wickede2-scaled.jpg","_links":{"self":[{"href":"https:\/\/sv-koerne83.de\/wordpress\/wp-json\/wp\/v2\/posts\/2297","targetHints":{"allow":["GET"]}}],"collection":[{"href":"https:\/\/sv-koerne83.de\/wordpress\/wp-json\/wp\/v2\/posts"}],"about":[{"href":"https:\/\/sv-koerne83.de\/wordpress\/wp-json\/wp\/v2\/types\/post"}],"author":[{"embeddable":true,"href":"https:\/\/sv-koerne83.de\/wordpress\/wp-json\/wp\/v2\/users\/2"}],"replies":[{"embeddable":true,"href":"https:\/\/sv-koerne83.de\/wordpress\/wp-json\/wp\/v2\/comments?post=2297"}],"version-history":[{"count":1,"href":"https:\/\/sv-koerne83.de\/wordpress\/wp-json\/wp\/v2\/posts\/2297\/revisions"}],"predecessor-version":[{"id":2298,"href":"https:\/\/sv-koerne83.de\/wordpress\/wp-json\/wp\/v2\/posts\/2297\/revisions\/2298"}],"wp:featuredmedia":[{"embeddable":true,"href":"https:\/\/sv-koerne83.de\/wordpress\/wp-json\/wp\/v2\/media\/2301"}],"wp:attachment":[{"href":"https:\/\/sv-koerne83.de\/wordpress\/wp-json\/wp\/v2\/media?parent=2297"}],"wp:term":[{"taxonomy":"category","embeddable":true,"href":"https:\/\/sv-koerne83.de\/wordpress\/wp-json\/wp\/v2\/categories?post=2297"},{"taxonomy":"post_tag","embeddable":true,"href":"https:\/\/sv-koerne83.de\/wordpress\/wp-json\/wp\/v2\/tags?post=2297"}],"curies":[{"name":"wp","href":"https:\/\/api.w.org\/{rel}","templated":true}]}}