{"id":2313,"date":"2022-01-13T07:46:47","date_gmt":"2022-01-13T06:46:47","guid":{"rendered":"https:\/\/sv-koerne83.de\/wordpress\/?p=2313"},"modified":"2022-01-13T07:49:26","modified_gmt":"2022-01-13T06:49:26","slug":"1-mannschaft-empfaengt-sv-berghofen","status":"publish","type":"post","link":"https:\/\/sv-koerne83.de\/wordpress\/2022\/01\/13\/1-mannschaft-empfaengt-sv-berghofen\/","title":{"rendered":"1. Mannschaft empf\u00e4ngt SV Berghofen"},"content":{"rendered":"\n<p>Die 1. Mannschaft empf\u00e4ngt am Sonntag zum ersten Test den Spitzenreiter aus der Kreisliga B Gruppe 2. Die Berghofer Jungs f\u00fchren die Gruppe souver\u00e4n an und mussten in der Hinserie lediglich 5 Gegentore hinnehmen. Ihr Top-Torj\u00e4ger Justin Nordberg traf bereits 23 mal ins gegnerische Tor. Auf das Team von Trainer Viktor Pusch wartet direkt im ersten Testspiel ein starker Gegner. <\/p>\n\n\n\n<p>Ansto\u00df am Winkelriedweg ist um 15.00 Uhr. Bitte beachtet die 2G-Regelung f\u00fcr Zuschauer und Spieler. <\/p>\n","protected":false},"excerpt":{"rendered":"<p>Die 1. Mannschaft empf\u00e4ngt am Sonntag zum ersten Test den Spitzenreiter aus der Kreisliga B Gruppe 2. Die Berghofer Jungs f\u00fchren die Gruppe souver\u00e4n an und mussten in der Hinserie [&hellip;]<\/p>\n","protected":false},"author":2,"featured_media":2310,"comment_status":"closed","ping_status":"open","sticky":false,"template":"","format":"standard","meta":{"_jetpack_memberships_contains_paid_content":false,"footnotes":""},"categories":[30,1],"tags":[],"class_list":["post-2313","post","type-post","status-publish","format-standard","has-post-thumbnail","hentry","category-1-mannschaft","category-allgemein"],"jetpack_sharing_enabled":true,"jetpack_featured_media_url":"https:\/\/sv-koerne83.de\/wordpress\/wp-content\/uploads\/2022\/01\/SVK_Instagram_Testspiel_Erste2-scaled.jpg","_links":{"self":[{"href":"https:\/\/sv-koerne83.de\/wordpress\/wp-json\/wp\/v2\/posts\/2313","targetHints":{"allow":["GET"]}}],"collection":[{"href":"https:\/\/sv-koerne83.de\/wordpress\/wp-json\/wp\/v2\/posts"}],"about":[{"href":"https:\/\/sv-koerne83.de\/wordpress\/wp-json\/wp\/v2\/types\/post"}],"author":[{"embeddable":true,"href":"https:\/\/sv-koerne83.de\/wordpress\/wp-json\/wp\/v2\/users\/2"}],"replies":[{"embeddable":true,"href":"https:\/\/sv-koerne83.de\/wordpress\/wp-json\/wp\/v2\/comments?post=2313"}],"version-history":[{"count":2,"href":"https:\/\/sv-koerne83.de\/wordpress\/wp-json\/wp\/v2\/posts\/2313\/revisions"}],"predecessor-version":[{"id":2322,"href":"https:\/\/sv-koerne83.de\/wordpress\/wp-json\/wp\/v2\/posts\/2313\/revisions\/2322"}],"wp:featuredmedia":[{"embeddable":true,"href":"https:\/\/sv-koerne83.de\/wordpress\/wp-json\/wp\/v2\/media\/2310"}],"wp:attachment":[{"href":"https:\/\/sv-koerne83.de\/wordpress\/wp-json\/wp\/v2\/media?parent=2313"}],"wp:term":[{"taxonomy":"category","embeddable":true,"href":"https:\/\/sv-koerne83.de\/wordpress\/wp-json\/wp\/v2\/categories?post=2313"},{"taxonomy":"post_tag","embeddable":true,"href":"https:\/\/sv-koerne83.de\/wordpress\/wp-json\/wp\/v2\/tags?post=2313"}],"curies":[{"name":"wp","href":"https:\/\/api.w.org\/{rel}","templated":true}]}}