{"id":2323,"date":"2022-01-13T07:58:01","date_gmt":"2022-01-13T06:58:01","guid":{"rendered":"https:\/\/sv-koerne83.de\/wordpress\/?p=2323"},"modified":"2022-01-13T10:39:34","modified_gmt":"2022-01-13T09:39:34","slug":"neue-coronaschutzverordnung-greift-heute","status":"publish","type":"post","link":"https:\/\/sv-koerne83.de\/wordpress\/2022\/01\/13\/neue-coronaschutzverordnung-greift-heute\/","title":{"rendered":"Neue Coronaschutzverordnung greift heute"},"content":{"rendered":"\n<p>Ab heute gilt die neue Coronaschutzverordnung vom Land NRW. Die aktuellen Regelungen haben wir f\u00fcr euch zusammengefasst. Durch die \u00f6ffentliche Bekanntmachung setzt der Verein voraus, dass die Regelungen von allen Mitgliedern und G\u00e4sten befolgt werden. Der Verein beh\u00e4lt sich stichprobenartige \u00dcberpr\u00fcfungen vor. <\/p>\n\n\n\n<p><strong>Allgemeine Abstands- und Hygieneregeln bleiben bestehen.<\/strong><\/p>\n\n\n\n<p><strong>2G Regel:<\/strong><br>Spieler*innen, Schiedsrichter*innen, Zuschauer und Eltern (ab 16 Jahre) m\u00fcssen vollst\u00e4ndig geimpft oder genesen sein, um die Sportanlage betreten zu d\u00fcrfen. Dies gilt sowohl beim Spiel- wie auch beim Trainingsbetrieb.<\/p>\n\n\n\n<p><strong>2G-PLUS Regel:<\/strong><br>Beim Training in der Sporthalle und beim Besuch vom Vereinsheim gilt die 2G-PLUS-Regelung ab 16 Jahren. Sportler*innen und Trainer*innen m\u00fcssen geimpft oder genesen sein und ben\u00f6tigen zus\u00e4tzlich ein negatives Schnelltestergebnis. Der Test kann unter Aufsicht auch in der Sporthalle bzw. im Vereinsheim durchgef\u00fchrt werden und gilt f\u00fcr die entsprechende Veranstaltung. Personen die bereits eine Drittimpfung erhalten haben oder doppelt geimpft plus als genesen gelten, sind von der Testpflicht ausgenommen.<\/p>\n\n\n\n<p><strong>Kinder und Jugendliche:<\/strong><br>F\u00fcr Kinder und Jugendliche (unter 16 Jahre) gilt nicht die 2G und die 2G-PLUS Regelung. Diese k\u00f6nnen wie gewohnt zum Training oder ins Vereinsheim kommen. Testungen finden regelm\u00e4\u00dfig in den Schulen statt.<\/p>\n\n\n\n<p><strong>3G Regel:<\/strong><br>Ehrenamtliche Helfer (Trainer, Betreuer, Ordner, etc.) m\u00fcssen, wenn sie nicht vollst\u00e4ndig immunisiert sind, einen tagesaktuellen Coronaschnelltest (nicht \u00e4lter als 24 Stunden), von einer offiziellen Teststelle, vorlegen.<\/p>\n\n\n\n<p>Auf der Sportanlage m\u00fcssen nicht vollst\u00e4ndig immunisierte Personen eine medizinische Maske tragen.<\/p>\n","protected":false},"excerpt":{"rendered":"<p>Ab heute gilt die neue Coronaschutzverordnung vom Land NRW. Die aktuellen Regelungen haben wir f\u00fcr euch zusammengefasst. Durch die \u00f6ffentliche Bekanntmachung setzt der Verein voraus, dass die Regelungen von allen [&hellip;]<\/p>\n","protected":false},"author":2,"featured_media":1293,"comment_status":"closed","ping_status":"open","sticky":false,"template":"","format":"standard","meta":{"_jetpack_memberships_contains_paid_content":false,"footnotes":""},"categories":[1],"tags":[],"class_list":["post-2323","post","type-post","status-publish","format-standard","has-post-thumbnail","hentry","category-allgemein"],"jetpack_sharing_enabled":true,"jetpack_featured_media_url":"https:\/\/sv-koerne83.de\/wordpress\/wp-content\/uploads\/2020\/03\/corona-4910057_1920.jpg","_links":{"self":[{"href":"https:\/\/sv-koerne83.de\/wordpress\/wp-json\/wp\/v2\/posts\/2323","targetHints":{"allow":["GET"]}}],"collection":[{"href":"https:\/\/sv-koerne83.de\/wordpress\/wp-json\/wp\/v2\/posts"}],"about":[{"href":"https:\/\/sv-koerne83.de\/wordpress\/wp-json\/wp\/v2\/types\/post"}],"author":[{"embeddable":true,"href":"https:\/\/sv-koerne83.de\/wordpress\/wp-json\/wp\/v2\/users\/2"}],"replies":[{"embeddable":true,"href":"https:\/\/sv-koerne83.de\/wordpress\/wp-json\/wp\/v2\/comments?post=2323"}],"version-history":[{"count":2,"href":"https:\/\/sv-koerne83.de\/wordpress\/wp-json\/wp\/v2\/posts\/2323\/revisions"}],"predecessor-version":[{"id":2325,"href":"https:\/\/sv-koerne83.de\/wordpress\/wp-json\/wp\/v2\/posts\/2323\/revisions\/2325"}],"wp:featuredmedia":[{"embeddable":true,"href":"https:\/\/sv-koerne83.de\/wordpress\/wp-json\/wp\/v2\/media\/1293"}],"wp:attachment":[{"href":"https:\/\/sv-koerne83.de\/wordpress\/wp-json\/wp\/v2\/media?parent=2323"}],"wp:term":[{"taxonomy":"category","embeddable":true,"href":"https:\/\/sv-koerne83.de\/wordpress\/wp-json\/wp\/v2\/categories?post=2323"},{"taxonomy":"post_tag","embeddable":true,"href":"https:\/\/sv-koerne83.de\/wordpress\/wp-json\/wp\/v2\/tags?post=2323"}],"curies":[{"name":"wp","href":"https:\/\/api.w.org\/{rel}","templated":true}]}}