{"id":2332,"date":"2022-01-26T09:48:35","date_gmt":"2022-01-26T08:48:35","guid":{"rendered":"https:\/\/sv-koerne83.de\/wordpress\/?p=2332"},"modified":"2022-01-26T09:48:35","modified_gmt":"2022-01-26T08:48:35","slug":"1-mannschaft-trifft-auf-starken-testgegner","status":"publish","type":"post","link":"https:\/\/sv-koerne83.de\/wordpress\/2022\/01\/26\/1-mannschaft-trifft-auf-starken-testgegner\/","title":{"rendered":"1. Mannschaft trifft auf starken Testgegner"},"content":{"rendered":"\n<p>Am Sonntag reist die 1. Mannschaft nach Selm und testet dort gegen die 1. Mannschaft von der SG Selm. Das Team aus der Kreisliga A vom Kreis M\u00fcnster belegt in der Tabelle den 4. Tabellenplatz und hat mit einem Spiel weniger lediglich 4 Punkte R\u00fcckstand auf den Spitzenreiter. Der beste Torsch\u00fctze der Selmer ist Kevin Coerdt, der bereits nach 12 Spielen achtmal ins gegnerische Tor einnetzen konnte.&nbsp;<\/p>\n\n\n\n<p>Beide Teams trafen bereits in der Sommervorbereitung, in einem intensiven Spiel, aufeinander. Damals gewann die SG Selm mit 2:1. Ansto\u00df am Sonntag auf der Sportanlage in Selm (Sandforter Weg, 59379 Selm) ist um 15.00 Uhr.\u00a0<\/p>\n","protected":false},"excerpt":{"rendered":"<p>Am Sonntag reist die 1. Mannschaft nach Selm und testet dort gegen die 1. Mannschaft von der SG Selm. Das Team aus der Kreisliga A vom Kreis M\u00fcnster belegt in [&hellip;]<\/p>\n","protected":false},"author":2,"featured_media":2331,"comment_status":"closed","ping_status":"open","sticky":false,"template":"","format":"standard","meta":{"_jetpack_memberships_contains_paid_content":false,"footnotes":""},"categories":[30,1],"tags":[],"class_list":["post-2332","post","type-post","status-publish","format-standard","has-post-thumbnail","hentry","category-1-mannschaft","category-allgemein"],"jetpack_sharing_enabled":true,"jetpack_featured_media_url":"https:\/\/sv-koerne83.de\/wordpress\/wp-content\/uploads\/2022\/01\/SVK_Instagram_Testspiel_Erste2-1-scaled.jpg","_links":{"self":[{"href":"https:\/\/sv-koerne83.de\/wordpress\/wp-json\/wp\/v2\/posts\/2332","targetHints":{"allow":["GET"]}}],"collection":[{"href":"https:\/\/sv-koerne83.de\/wordpress\/wp-json\/wp\/v2\/posts"}],"about":[{"href":"https:\/\/sv-koerne83.de\/wordpress\/wp-json\/wp\/v2\/types\/post"}],"author":[{"embeddable":true,"href":"https:\/\/sv-koerne83.de\/wordpress\/wp-json\/wp\/v2\/users\/2"}],"replies":[{"embeddable":true,"href":"https:\/\/sv-koerne83.de\/wordpress\/wp-json\/wp\/v2\/comments?post=2332"}],"version-history":[{"count":1,"href":"https:\/\/sv-koerne83.de\/wordpress\/wp-json\/wp\/v2\/posts\/2332\/revisions"}],"predecessor-version":[{"id":2333,"href":"https:\/\/sv-koerne83.de\/wordpress\/wp-json\/wp\/v2\/posts\/2332\/revisions\/2333"}],"wp:featuredmedia":[{"embeddable":true,"href":"https:\/\/sv-koerne83.de\/wordpress\/wp-json\/wp\/v2\/media\/2331"}],"wp:attachment":[{"href":"https:\/\/sv-koerne83.de\/wordpress\/wp-json\/wp\/v2\/media?parent=2332"}],"wp:term":[{"taxonomy":"category","embeddable":true,"href":"https:\/\/sv-koerne83.de\/wordpress\/wp-json\/wp\/v2\/categories?post=2332"},{"taxonomy":"post_tag","embeddable":true,"href":"https:\/\/sv-koerne83.de\/wordpress\/wp-json\/wp\/v2\/tags?post=2332"}],"curies":[{"name":"wp","href":"https:\/\/api.w.org\/{rel}","templated":true}]}}