{"id":2340,"date":"2022-02-02T13:11:35","date_gmt":"2022-02-02T12:11:35","guid":{"rendered":"https:\/\/sv-koerne83.de\/wordpress\/?p=2340"},"modified":"2022-02-02T13:11:36","modified_gmt":"2022-02-02T12:11:36","slug":"pokalspiele-fuer-die-e-und-d-jugend","status":"publish","type":"post","link":"https:\/\/sv-koerne83.de\/wordpress\/2022\/02\/02\/pokalspiele-fuer-die-e-und-d-jugend\/","title":{"rendered":"Pokalspiele f\u00fcr die E- und D-Jugend"},"content":{"rendered":"\n<p>F\u00fcr unsere E- und D-Jugend stehen am Samstag die ersten Pflichtspiele im Jahr 2022 auf dem Programm. Das Team von Andreas Lorenz trifft in der Vorrunde des diesj\u00e4hrigen Kreispokal auf Urania L\u00fctgendortmund. Das Team aus dem Dortmunder Westen belegt in der Meisterschaft in der Finalrunde Staffel 1 den 8. Tabellenplatz. Ansto\u00df am Winkelriedweg ist Samstag um 10.00 Uhr.\u00a0<\/p>\n\n\n\n<p>Die D-Jugend empf\u00e4ngt zu ihrem zweiten Pokalspiel das Team von SuS Oespel-Kley. Durch die 2:3 Niederlage im ersten Duell gegen TV Brechten ben\u00f6tigt die Mannschaft von Trainer Thomas Meier einen Sieg, um noch die Chance zu wahren die n\u00e4chste Pokalrunde zu erreichen. Ansto\u00df am Winkelriedweg am Samstag ist um 12.00 Uhr.&nbsp;<\/p>\n","protected":false},"excerpt":{"rendered":"<p>F\u00fcr unsere E- und D-Jugend stehen am Samstag die ersten Pflichtspiele im Jahr 2022 auf dem Programm. Das Team von Andreas Lorenz trifft in der Vorrunde des diesj\u00e4hrigen Kreispokal auf [&hellip;]<\/p>\n","protected":false},"author":2,"featured_media":2339,"comment_status":"closed","ping_status":"open","sticky":false,"template":"","format":"standard","meta":{"_jetpack_memberships_contains_paid_content":false,"footnotes":""},"categories":[1,35],"tags":[],"class_list":["post-2340","post","type-post","status-publish","format-standard","has-post-thumbnail","hentry","category-allgemein","category-jugend"],"jetpack_sharing_enabled":true,"jetpack_featured_media_url":"https:\/\/sv-koerne83.de\/wordpress\/wp-content\/uploads\/2022\/02\/SVK_Instagram_Topspiel_Pokal2-scaled.jpg","_links":{"self":[{"href":"https:\/\/sv-koerne83.de\/wordpress\/wp-json\/wp\/v2\/posts\/2340","targetHints":{"allow":["GET"]}}],"collection":[{"href":"https:\/\/sv-koerne83.de\/wordpress\/wp-json\/wp\/v2\/posts"}],"about":[{"href":"https:\/\/sv-koerne83.de\/wordpress\/wp-json\/wp\/v2\/types\/post"}],"author":[{"embeddable":true,"href":"https:\/\/sv-koerne83.de\/wordpress\/wp-json\/wp\/v2\/users\/2"}],"replies":[{"embeddable":true,"href":"https:\/\/sv-koerne83.de\/wordpress\/wp-json\/wp\/v2\/comments?post=2340"}],"version-history":[{"count":1,"href":"https:\/\/sv-koerne83.de\/wordpress\/wp-json\/wp\/v2\/posts\/2340\/revisions"}],"predecessor-version":[{"id":2341,"href":"https:\/\/sv-koerne83.de\/wordpress\/wp-json\/wp\/v2\/posts\/2340\/revisions\/2341"}],"wp:featuredmedia":[{"embeddable":true,"href":"https:\/\/sv-koerne83.de\/wordpress\/wp-json\/wp\/v2\/media\/2339"}],"wp:attachment":[{"href":"https:\/\/sv-koerne83.de\/wordpress\/wp-json\/wp\/v2\/media?parent=2340"}],"wp:term":[{"taxonomy":"category","embeddable":true,"href":"https:\/\/sv-koerne83.de\/wordpress\/wp-json\/wp\/v2\/categories?post=2340"},{"taxonomy":"post_tag","embeddable":true,"href":"https:\/\/sv-koerne83.de\/wordpress\/wp-json\/wp\/v2\/tags?post=2340"}],"curies":[{"name":"wp","href":"https:\/\/api.w.org\/{rel}","templated":true}]}}