{"id":2351,"date":"2022-02-10T09:12:23","date_gmt":"2022-02-10T08:12:23","guid":{"rendered":"https:\/\/sv-koerne83.de\/wordpress\/?p=2351"},"modified":"2022-02-10T09:12:23","modified_gmt":"2022-02-10T08:12:23","slug":"rueckrundenstart-fuer-die-1-mannschaft","status":"publish","type":"post","link":"https:\/\/sv-koerne83.de\/wordpress\/2022\/02\/10\/rueckrundenstart-fuer-die-1-mannschaft\/","title":{"rendered":"R\u00fcckrundenstart f\u00fcr die 1. Mannschaft"},"content":{"rendered":"\n<p>Am Sonntag startet die 1. Mannschaft in die R\u00fcckrunde der Saison 2021\/2022. Im ersten Spiel trifft die Mannschaft von Trainer Viktor Pusch auf den VfB L\u00fcnen 08. Die S\u00fcder liegen einen Tabellenplatz hinter uns und haben lediglich 2 Punkte R\u00fcckstand. Im Hinspiel trennten sich beide Teams 2:2 unentschieden. <\/p>\n\n\n\n<p>F\u00fcr unsere 1. Mannschaft ist es ein wichtiges Spiel, da man sich mit einem Sieg ein wenig von der Konkurrenz aus L\u00fcnen absetzen kann. Wir freuen uns euch am Sonntag alle in L\u00fcnen zu sehen, damit wir gemeinsam unsere 1. Mannschaft unterst\u00fctzen k\u00f6nnen. Ansto\u00df der Partie ist um 15.00 Uhr auf der Sportanlage Dammwiese (Karl-Kiehm-Weg, L\u00fcnen).<\/p>\n","protected":false},"excerpt":{"rendered":"<p>Am Sonntag startet die 1. Mannschaft in die R\u00fcckrunde der Saison 2021\/2022. Im ersten Spiel trifft die Mannschaft von Trainer Viktor Pusch auf den VfB L\u00fcnen 08. Die S\u00fcder liegen [&hellip;]<\/p>\n","protected":false},"author":2,"featured_media":2350,"comment_status":"closed","ping_status":"open","sticky":false,"template":"","format":"standard","meta":{"_jetpack_memberships_contains_paid_content":false,"footnotes":""},"categories":[30,1],"tags":[],"class_list":["post-2351","post","type-post","status-publish","format-standard","has-post-thumbnail","hentry","category-1-mannschaft","category-allgemein"],"jetpack_sharing_enabled":true,"jetpack_featured_media_url":"https:\/\/sv-koerne83.de\/wordpress\/wp-content\/uploads\/2022\/02\/SVK_Instagram_Rueckrundenstart2-scaled.jpg","_links":{"self":[{"href":"https:\/\/sv-koerne83.de\/wordpress\/wp-json\/wp\/v2\/posts\/2351","targetHints":{"allow":["GET"]}}],"collection":[{"href":"https:\/\/sv-koerne83.de\/wordpress\/wp-json\/wp\/v2\/posts"}],"about":[{"href":"https:\/\/sv-koerne83.de\/wordpress\/wp-json\/wp\/v2\/types\/post"}],"author":[{"embeddable":true,"href":"https:\/\/sv-koerne83.de\/wordpress\/wp-json\/wp\/v2\/users\/2"}],"replies":[{"embeddable":true,"href":"https:\/\/sv-koerne83.de\/wordpress\/wp-json\/wp\/v2\/comments?post=2351"}],"version-history":[{"count":1,"href":"https:\/\/sv-koerne83.de\/wordpress\/wp-json\/wp\/v2\/posts\/2351\/revisions"}],"predecessor-version":[{"id":2352,"href":"https:\/\/sv-koerne83.de\/wordpress\/wp-json\/wp\/v2\/posts\/2351\/revisions\/2352"}],"wp:featuredmedia":[{"embeddable":true,"href":"https:\/\/sv-koerne83.de\/wordpress\/wp-json\/wp\/v2\/media\/2350"}],"wp:attachment":[{"href":"https:\/\/sv-koerne83.de\/wordpress\/wp-json\/wp\/v2\/media?parent=2351"}],"wp:term":[{"taxonomy":"category","embeddable":true,"href":"https:\/\/sv-koerne83.de\/wordpress\/wp-json\/wp\/v2\/categories?post=2351"},{"taxonomy":"post_tag","embeddable":true,"href":"https:\/\/sv-koerne83.de\/wordpress\/wp-json\/wp\/v2\/tags?post=2351"}],"curies":[{"name":"wp","href":"https:\/\/api.w.org\/{rel}","templated":true}]}}