{"id":2355,"date":"2022-02-14T13:12:07","date_gmt":"2022-02-14T12:12:07","guid":{"rendered":"https:\/\/sv-koerne83.de\/wordpress\/?p=2355"},"modified":"2022-02-14T13:12:07","modified_gmt":"2022-02-14T12:12:07","slug":"e-jugend-im-pokal-gegen-rw-germania","status":"publish","type":"post","link":"https:\/\/sv-koerne83.de\/wordpress\/2022\/02\/14\/e-jugend-im-pokal-gegen-rw-germania\/","title":{"rendered":"E-Jugend im Pokal gegen RW Germania"},"content":{"rendered":"\n<p>Die E-Jugend reist am morgigen Dienstag zum Pokalspiel nach Bodelschwingh\/Westferfilde und trifft dort auf RW Germania. In der Pokalgruppe f\u00fchrt die E-Jugend aktuell die Tabelle an. Nach dem Auftaktsieg von 23:0 gegen Urania L\u00fctgendortmund wartet nun mit RW Germania der Tabellenzweite, welcher ebenfalls 3 Punkte auf dem Konto hat. Ansto\u00df auf dem Kunstrasenplatz &#8222;Im Odemsloh&#8220; ist um 17.30 Uhr.<\/p>\n","protected":false},"excerpt":{"rendered":"<p>Die E-Jugend reist am morgigen Dienstag zum Pokalspiel nach Bodelschwingh\/Westferfilde und trifft dort auf RW Germania. In der Pokalgruppe f\u00fchrt die E-Jugend aktuell die Tabelle an. Nach dem Auftaktsieg von [&hellip;]<\/p>\n","protected":false},"author":2,"featured_media":2354,"comment_status":"closed","ping_status":"open","sticky":false,"template":"","format":"standard","meta":{"_jetpack_memberships_contains_paid_content":false,"footnotes":""},"categories":[1,35],"tags":[],"class_list":["post-2355","post","type-post","status-publish","format-standard","has-post-thumbnail","hentry","category-allgemein","category-jugend"],"jetpack_sharing_enabled":true,"jetpack_featured_media_url":"https:\/\/sv-koerne83.de\/wordpress\/wp-content\/uploads\/2022\/02\/SVK_Instagram_Pokalspiel_e2-scaled.jpg","_links":{"self":[{"href":"https:\/\/sv-koerne83.de\/wordpress\/wp-json\/wp\/v2\/posts\/2355","targetHints":{"allow":["GET"]}}],"collection":[{"href":"https:\/\/sv-koerne83.de\/wordpress\/wp-json\/wp\/v2\/posts"}],"about":[{"href":"https:\/\/sv-koerne83.de\/wordpress\/wp-json\/wp\/v2\/types\/post"}],"author":[{"embeddable":true,"href":"https:\/\/sv-koerne83.de\/wordpress\/wp-json\/wp\/v2\/users\/2"}],"replies":[{"embeddable":true,"href":"https:\/\/sv-koerne83.de\/wordpress\/wp-json\/wp\/v2\/comments?post=2355"}],"version-history":[{"count":1,"href":"https:\/\/sv-koerne83.de\/wordpress\/wp-json\/wp\/v2\/posts\/2355\/revisions"}],"predecessor-version":[{"id":2356,"href":"https:\/\/sv-koerne83.de\/wordpress\/wp-json\/wp\/v2\/posts\/2355\/revisions\/2356"}],"wp:featuredmedia":[{"embeddable":true,"href":"https:\/\/sv-koerne83.de\/wordpress\/wp-json\/wp\/v2\/media\/2354"}],"wp:attachment":[{"href":"https:\/\/sv-koerne83.de\/wordpress\/wp-json\/wp\/v2\/media?parent=2355"}],"wp:term":[{"taxonomy":"category","embeddable":true,"href":"https:\/\/sv-koerne83.de\/wordpress\/wp-json\/wp\/v2\/categories?post=2355"},{"taxonomy":"post_tag","embeddable":true,"href":"https:\/\/sv-koerne83.de\/wordpress\/wp-json\/wp\/v2\/tags?post=2355"}],"curies":[{"name":"wp","href":"https:\/\/api.w.org\/{rel}","templated":true}]}}