{"id":2381,"date":"2022-03-11T07:45:10","date_gmt":"2022-03-11T06:45:10","guid":{"rendered":"https:\/\/sv-koerne83.de\/wordpress\/?p=2381"},"modified":"2022-03-11T07:45:10","modified_gmt":"2022-03-11T06:45:10","slug":"1-mannschaft-trifft-auf-eving-selimiye-spor","status":"publish","type":"post","link":"https:\/\/sv-koerne83.de\/wordpress\/2022\/03\/11\/1-mannschaft-trifft-auf-eving-selimiye-spor\/","title":{"rendered":"1. Mannschaft trifft auf Eving Selimiye Spor"},"content":{"rendered":"\n<p>Die 1. Mannschaft empf\u00e4ngt am Sonntag das Team von Eving Selimiye Spor. Die Evinger belegen aktuell den 4. Tabellenplatz und konnten am letzten Spieltag die Dortmunder L\u00f6wen mit 1:0 schlagen. Ihr Top-Torj\u00e4ger Anil Can Mert belegt in der Torsch\u00fctzenliste den 3. Tabellenplatz. Mit einem Sieg kann das Team von Trainer Viktor Pusch den Sprung auf den 6. Tabellenplatz schaffen.<\/p>\n\n\n\n<p>Ansto\u00df am Winkelriedweg ist um 15.00 Uhr. Wir sehen uns im Affenk\u00e4fig!<\/p>\n","protected":false},"excerpt":{"rendered":"<p>Die 1. Mannschaft empf\u00e4ngt am Sonntag das Team von Eving Selimiye Spor. Die Evinger belegen aktuell den 4. Tabellenplatz und konnten am letzten Spieltag die Dortmunder L\u00f6wen mit 1:0 schlagen. [&hellip;]<\/p>\n","protected":false},"author":2,"featured_media":2371,"comment_status":"closed","ping_status":"open","sticky":false,"template":"","format":"standard","meta":{"_jetpack_memberships_contains_paid_content":false,"footnotes":""},"categories":[30,1],"tags":[],"class_list":["post-2381","post","type-post","status-publish","format-standard","has-post-thumbnail","hentry","category-1-mannschaft","category-allgemein"],"jetpack_sharing_enabled":true,"jetpack_featured_media_url":"https:\/\/sv-koerne83.de\/wordpress\/wp-content\/uploads\/2022\/03\/SVK_Instagram_Meisterschaft_12-scaled.jpg","_links":{"self":[{"href":"https:\/\/sv-koerne83.de\/wordpress\/wp-json\/wp\/v2\/posts\/2381","targetHints":{"allow":["GET"]}}],"collection":[{"href":"https:\/\/sv-koerne83.de\/wordpress\/wp-json\/wp\/v2\/posts"}],"about":[{"href":"https:\/\/sv-koerne83.de\/wordpress\/wp-json\/wp\/v2\/types\/post"}],"author":[{"embeddable":true,"href":"https:\/\/sv-koerne83.de\/wordpress\/wp-json\/wp\/v2\/users\/2"}],"replies":[{"embeddable":true,"href":"https:\/\/sv-koerne83.de\/wordpress\/wp-json\/wp\/v2\/comments?post=2381"}],"version-history":[{"count":1,"href":"https:\/\/sv-koerne83.de\/wordpress\/wp-json\/wp\/v2\/posts\/2381\/revisions"}],"predecessor-version":[{"id":2382,"href":"https:\/\/sv-koerne83.de\/wordpress\/wp-json\/wp\/v2\/posts\/2381\/revisions\/2382"}],"wp:featuredmedia":[{"embeddable":true,"href":"https:\/\/sv-koerne83.de\/wordpress\/wp-json\/wp\/v2\/media\/2371"}],"wp:attachment":[{"href":"https:\/\/sv-koerne83.de\/wordpress\/wp-json\/wp\/v2\/media?parent=2381"}],"wp:term":[{"taxonomy":"category","embeddable":true,"href":"https:\/\/sv-koerne83.de\/wordpress\/wp-json\/wp\/v2\/categories?post=2381"},{"taxonomy":"post_tag","embeddable":true,"href":"https:\/\/sv-koerne83.de\/wordpress\/wp-json\/wp\/v2\/tags?post=2381"}],"curies":[{"name":"wp","href":"https:\/\/api.w.org\/{rel}","templated":true}]}}