{"id":2386,"date":"2022-03-18T07:49:53","date_gmt":"2022-03-18T06:49:53","guid":{"rendered":"https:\/\/sv-koerne83.de\/wordpress\/?p=2386"},"modified":"2022-03-18T07:49:54","modified_gmt":"2022-03-18T06:49:54","slug":"fahrplan-fuer-den-sonntag","status":"publish","type":"post","link":"https:\/\/sv-koerne83.de\/wordpress\/2022\/03\/18\/fahrplan-fuer-den-sonntag\/","title":{"rendered":"Fahrplan f\u00fcr den Sonntag"},"content":{"rendered":"\n<p>Am Sonntag reist die 1. Mannschaft zur Zweitvertretung vom VfR Kirchlinde. Die Mannschaft vom B\u00e4renbruch belegt aktuell den 15. Platz in der Tabelle. In der laufenden Saison musste ihr Keeper bereits 72 mal hinter sich greifen. Mit einem Sieg kann das Team von Trainer Viktor Pusch weiterhin in der Tabelle nach oben klettern. Das Hinspiel endete 5:1 f\u00fcr unsere 1. Mannschaft. Ansto\u00df am B\u00e4renbruch ist bereits um 13.00 Uhr.<\/p>\n\n\n\n<p>Die Frauen empfangen das Team von TuRa Asseln. Die Asselnerinnen belegen in der Tabelle den 8. Platz und konnten bis dato lediglich 9 mal ins gegnerische Tor treffen. Mit einem Sieg kann das Team von Trainer Dennis Taubenheim den vierten Tabellenplatz festigen und mit etwas Gl\u00fcck sogar weiterhin in der Tabelle nach oben klettern. Das Hinspiel gewannen unsere Frauen mit 4:0. Auch in der ersten Pokalrunde trafen beide Mannschaften aufeinander. Hier gewann der SVK mit 1:0. Ansto\u00df am Winkelriedweg ist um 13.00 Uhr. <\/p>\n\n\n\n<p>Die 3. Mannschaft trifft im Ausw\u00e4rtsspiel auf den SV Dortmund-Wickede. Die Wickeder liegen auf dem letzten Tabellenplatz und weisen ein Torverh\u00e4ltnis von -46 auf. Bereits 64 Gegentore musste der Keeper von Wickede hinnehmen. Mit einem Sieg hat das Team von Trainer Christopher Koebel die Chance weiterhin in der Tabelle nach oben zu klettern. Das Hinspiel gewann die 3. Mannschaft mit 6:1. Ansto\u00df am Gr\u00fcningsweg in Dortmund-Asseln ist um 15.00 Uhr.<\/p>\n\n\n\n<p>Das geplante Spiel der 2. Mannschaft gegen den Ortsnachbarn \u00d6SG Viktoria 08 wurde kurzfristig abgesagt, da bei dem Gegner mehrere positive Coronaf\u00e4lle aufgetreten sind.<\/p>\n","protected":false},"excerpt":{"rendered":"<p>Am Sonntag reist die 1. Mannschaft zur Zweitvertretung vom VfR Kirchlinde. Die Mannschaft vom B\u00e4renbruch belegt aktuell den 15. Platz in der Tabelle. In der laufenden Saison musste ihr Keeper [&hellip;]<\/p>\n","protected":false},"author":2,"featured_media":2387,"comment_status":"closed","ping_status":"open","sticky":false,"template":"","format":"standard","meta":{"_jetpack_memberships_contains_paid_content":false,"footnotes":""},"categories":[30,31,32,1,45],"tags":[],"class_list":["post-2386","post","type-post","status-publish","format-standard","has-post-thumbnail","hentry","category-1-mannschaft","category-2-mannschaft","category-3-mannschaft","category-allgemein","category-frauen"],"jetpack_sharing_enabled":true,"jetpack_featured_media_url":"https:\/\/sv-koerne83.de\/wordpress\/wp-content\/uploads\/2022\/03\/SVK_Instagram_Spielplan_2022_03_202-1-scaled.jpg","_links":{"self":[{"href":"https:\/\/sv-koerne83.de\/wordpress\/wp-json\/wp\/v2\/posts\/2386","targetHints":{"allow":["GET"]}}],"collection":[{"href":"https:\/\/sv-koerne83.de\/wordpress\/wp-json\/wp\/v2\/posts"}],"about":[{"href":"https:\/\/sv-koerne83.de\/wordpress\/wp-json\/wp\/v2\/types\/post"}],"author":[{"embeddable":true,"href":"https:\/\/sv-koerne83.de\/wordpress\/wp-json\/wp\/v2\/users\/2"}],"replies":[{"embeddable":true,"href":"https:\/\/sv-koerne83.de\/wordpress\/wp-json\/wp\/v2\/comments?post=2386"}],"version-history":[{"count":1,"href":"https:\/\/sv-koerne83.de\/wordpress\/wp-json\/wp\/v2\/posts\/2386\/revisions"}],"predecessor-version":[{"id":2388,"href":"https:\/\/sv-koerne83.de\/wordpress\/wp-json\/wp\/v2\/posts\/2386\/revisions\/2388"}],"wp:featuredmedia":[{"embeddable":true,"href":"https:\/\/sv-koerne83.de\/wordpress\/wp-json\/wp\/v2\/media\/2387"}],"wp:attachment":[{"href":"https:\/\/sv-koerne83.de\/wordpress\/wp-json\/wp\/v2\/media?parent=2386"}],"wp:term":[{"taxonomy":"category","embeddable":true,"href":"https:\/\/sv-koerne83.de\/wordpress\/wp-json\/wp\/v2\/categories?post=2386"},{"taxonomy":"post_tag","embeddable":true,"href":"https:\/\/sv-koerne83.de\/wordpress\/wp-json\/wp\/v2\/tags?post=2386"}],"curies":[{"name":"wp","href":"https:\/\/api.w.org\/{rel}","templated":true}]}}