{"id":2404,"date":"2022-04-01T08:27:14","date_gmt":"2022-04-01T06:27:14","guid":{"rendered":"https:\/\/sv-koerne83.de\/wordpress\/?p=2404"},"modified":"2022-04-01T08:27:15","modified_gmt":"2022-04-01T06:27:15","slug":"erste-mannschaft-empfaengt-ay-yildiz-derne","status":"publish","type":"post","link":"https:\/\/sv-koerne83.de\/wordpress\/2022\/04\/01\/erste-mannschaft-empfaengt-ay-yildiz-derne\/","title":{"rendered":"Erste Mannschaft empf\u00e4ngt Ay Yildiz Derne"},"content":{"rendered":"\n<p>Die 1. Mannschaft empf\u00e4ngt am Sonntag das Team von Ay Yildiz Derne. Die Derner belegen in der Tabelle den 12. Tabellenplatz und haben mit einem Spiel weniger einen 6 Punkter\u00fcckstand auf unserer 1. Mannschaft. In den letzten drei Spielen verloren das Team von Ay Yildiz kein einziges Spiel. Bei unserer Mannschaft wird nach den letzten drei verlorenen Spiele eine Trendwende erwartet. Mit einem Sieg kann das Team von Trainer Viktor Pusch den Vorsprung auf den Verfolger ausbauen. Ansto\u00df am Winkelriedweg ist um 15.00 Uhr. Wir sehen uns im Affenk\u00e4fig!<\/p>\n\n\n\n<p>Die 2. Mannschaft reist nach Brackel und trifft dort auf die Zweitvertretung von Brackel 06. Unsere 2. Mannschaft reist als 11. der Tabelle ans Brackel Hallenbad. Der Gastgeber belegt in der Tabelle den 9. Platz und hat mit einem Spiel mehr, 4 Punkte Vorsprung. Mit einem Sieg kann das Team von Trainer Andree Schmitz einen wichtigen Sieg einfahren, der den Abstand zu den unteren Tabellenpl\u00e4tzen vergr\u00f6\u00dfert. Ansto\u00df an der Oesterstra\u00dfe ist um 13.00 Uhr.<\/p>\n\n\n\n<p>Die 3. Mannschaft trifft am Sonntag auf die SF S\u00f6lderholz III. Die Adler belegen in der Tabelle den 4. Platz und sind auf dem Papier der klare Favorit. F\u00fcr unsere 3. Mannschaft gilt es die herausgespielten Torchancen zu verwerten. Im Torverh\u00e4ltnis zeigt sich, dass das Team von Trainer Christopher Koebel in der gesamten Spielzeit 4 Gegentore weniger kassiert hat, als der Gast aus S\u00f6lderholz. Ansto\u00df am Winkelriedweg ist um 13.00 Uhr. Wir sehen uns im Affenk\u00e4fig!<\/p>\n\n\n\n<p>Die Frauen spielen am Sonntag gegen den L\u00fcner SV. Nach der Niederlage in der letzten Woche gegen Ay Yildiz Derne will das Team von Trainer Dennis Taubenheim an diesem Wochenende wieder einen Sieg einfahren. Gegen den Tabellenletzten aus L\u00fcnen sollte dies eine klare Angelegenheit werden. Die L\u00fcnerinnen trafen in dieser Saison erst 5 mal ins gegnerische Tor. Einmal davon jedoch ins K\u00f6rner Tor. Im Hinspiel gewannen unsere K\u00f6rnerinnen mit 5:1. Ansto\u00df am Winkelriedweg ist um 17.00 Uhr. Wir sehen uns im Affenk\u00e4fig!<\/p>\n","protected":false},"excerpt":{"rendered":"<p>Die 1. Mannschaft empf\u00e4ngt am Sonntag das Team von Ay Yildiz Derne. Die Derner belegen in der Tabelle den 12. Tabellenplatz und haben mit einem Spiel weniger einen 6 Punkter\u00fcckstand [&hellip;]<\/p>\n","protected":false},"author":2,"featured_media":2403,"comment_status":"closed","ping_status":"open","sticky":false,"template":"","format":"standard","meta":{"_jetpack_memberships_contains_paid_content":false,"footnotes":""},"categories":[30,31,32,1,45],"tags":[],"class_list":["post-2404","post","type-post","status-publish","format-standard","has-post-thumbnail","hentry","category-1-mannschaft","category-2-mannschaft","category-3-mannschaft","category-allgemein","category-frauen"],"jetpack_sharing_enabled":true,"jetpack_featured_media_url":"https:\/\/sv-koerne83.de\/wordpress\/wp-content\/uploads\/2022\/04\/SVK_Instagram_Spieltag_03042-scaled.jpg","_links":{"self":[{"href":"https:\/\/sv-koerne83.de\/wordpress\/wp-json\/wp\/v2\/posts\/2404","targetHints":{"allow":["GET"]}}],"collection":[{"href":"https:\/\/sv-koerne83.de\/wordpress\/wp-json\/wp\/v2\/posts"}],"about":[{"href":"https:\/\/sv-koerne83.de\/wordpress\/wp-json\/wp\/v2\/types\/post"}],"author":[{"embeddable":true,"href":"https:\/\/sv-koerne83.de\/wordpress\/wp-json\/wp\/v2\/users\/2"}],"replies":[{"embeddable":true,"href":"https:\/\/sv-koerne83.de\/wordpress\/wp-json\/wp\/v2\/comments?post=2404"}],"version-history":[{"count":1,"href":"https:\/\/sv-koerne83.de\/wordpress\/wp-json\/wp\/v2\/posts\/2404\/revisions"}],"predecessor-version":[{"id":2405,"href":"https:\/\/sv-koerne83.de\/wordpress\/wp-json\/wp\/v2\/posts\/2404\/revisions\/2405"}],"wp:featuredmedia":[{"embeddable":true,"href":"https:\/\/sv-koerne83.de\/wordpress\/wp-json\/wp\/v2\/media\/2403"}],"wp:attachment":[{"href":"https:\/\/sv-koerne83.de\/wordpress\/wp-json\/wp\/v2\/media?parent=2404"}],"wp:term":[{"taxonomy":"category","embeddable":true,"href":"https:\/\/sv-koerne83.de\/wordpress\/wp-json\/wp\/v2\/categories?post=2404"},{"taxonomy":"post_tag","embeddable":true,"href":"https:\/\/sv-koerne83.de\/wordpress\/wp-json\/wp\/v2\/tags?post=2404"}],"curies":[{"name":"wp","href":"https:\/\/api.w.org\/{rel}","templated":true}]}}