{"id":2410,"date":"2022-04-02T11:39:19","date_gmt":"2022-04-02T09:39:19","guid":{"rendered":"https:\/\/sv-koerne83.de\/wordpress\/?p=2410"},"modified":"2022-04-02T11:39:20","modified_gmt":"2022-04-02T09:39:20","slug":"aufklaerung-der-nachricht-steigende-energiekosten-machen-sich-bemerkbar","status":"publish","type":"post","link":"https:\/\/sv-koerne83.de\/wordpress\/2022\/04\/02\/aufklaerung-der-nachricht-steigende-energiekosten-machen-sich-bemerkbar\/","title":{"rendered":"Aufkl\u00e4rung der Nachricht: Steigende Energiekosten machen sich bemerkbar"},"content":{"rendered":"\n<p>Selbstverst\u00e4ndlich erw\u00e4gt der SV K\u00f6rne 83 keine Einschr\u00e4nkung der Duschm\u00f6glichkeiten an der Sportanlage. Das Duschen nach dem Training und dem Spiel steht wie gewohnt weiterhin zur Verf\u00fcgung. Dennoch m\u00f6chten wir erw\u00e4hnen, dass ein verantwortungsvoller Umgang mit Strom und Warmwasser nicht nur Energie spart, sondern auch die Ressourcen von unserem Planeten schont. #svk #svk\u00f6rne83 #affenk\u00e4fig #greenplanet<\/p>\n","protected":false},"excerpt":{"rendered":"<p>Selbstverst\u00e4ndlich erw\u00e4gt der SV K\u00f6rne 83 keine Einschr\u00e4nkung der Duschm\u00f6glichkeiten an der Sportanlage. Das Duschen nach dem Training und dem Spiel steht wie gewohnt weiterhin zur Verf\u00fcgung. Dennoch m\u00f6chten wir [&hellip;]<\/p>\n","protected":false},"author":2,"featured_media":2411,"comment_status":"closed","ping_status":"open","sticky":false,"template":"","format":"standard","meta":{"_jetpack_memberships_contains_paid_content":false,"footnotes":""},"categories":[1],"tags":[],"class_list":["post-2410","post","type-post","status-publish","format-standard","has-post-thumbnail","hentry","category-allgemein"],"jetpack_sharing_enabled":true,"jetpack_featured_media_url":"https:\/\/sv-koerne83.de\/wordpress\/wp-content\/uploads\/2022\/04\/earth-g94ca76347_1920.jpg","_links":{"self":[{"href":"https:\/\/sv-koerne83.de\/wordpress\/wp-json\/wp\/v2\/posts\/2410","targetHints":{"allow":["GET"]}}],"collection":[{"href":"https:\/\/sv-koerne83.de\/wordpress\/wp-json\/wp\/v2\/posts"}],"about":[{"href":"https:\/\/sv-koerne83.de\/wordpress\/wp-json\/wp\/v2\/types\/post"}],"author":[{"embeddable":true,"href":"https:\/\/sv-koerne83.de\/wordpress\/wp-json\/wp\/v2\/users\/2"}],"replies":[{"embeddable":true,"href":"https:\/\/sv-koerne83.de\/wordpress\/wp-json\/wp\/v2\/comments?post=2410"}],"version-history":[{"count":2,"href":"https:\/\/sv-koerne83.de\/wordpress\/wp-json\/wp\/v2\/posts\/2410\/revisions"}],"predecessor-version":[{"id":2413,"href":"https:\/\/sv-koerne83.de\/wordpress\/wp-json\/wp\/v2\/posts\/2410\/revisions\/2413"}],"wp:featuredmedia":[{"embeddable":true,"href":"https:\/\/sv-koerne83.de\/wordpress\/wp-json\/wp\/v2\/media\/2411"}],"wp:attachment":[{"href":"https:\/\/sv-koerne83.de\/wordpress\/wp-json\/wp\/v2\/media?parent=2410"}],"wp:term":[{"taxonomy":"category","embeddable":true,"href":"https:\/\/sv-koerne83.de\/wordpress\/wp-json\/wp\/v2\/categories?post=2410"},{"taxonomy":"post_tag","embeddable":true,"href":"https:\/\/sv-koerne83.de\/wordpress\/wp-json\/wp\/v2\/tags?post=2410"}],"curies":[{"name":"wp","href":"https:\/\/api.w.org\/{rel}","templated":true}]}}