{"id":2419,"date":"2022-04-12T10:11:24","date_gmt":"2022-04-12T08:11:24","guid":{"rendered":"https:\/\/sv-koerne83.de\/wordpress\/?p=2419"},"modified":"2022-04-12T10:11:25","modified_gmt":"2022-04-12T08:11:25","slug":"2-mannschaft-reist-nach-neuasseln","status":"publish","type":"post","link":"https:\/\/sv-koerne83.de\/wordpress\/2022\/04\/12\/2-mannschaft-reist-nach-neuasseln\/","title":{"rendered":"2. Mannschaft reist nach Neuasseln"},"content":{"rendered":"\n<p>An diesem Donnerstag trifft unsere 2. Mannschaft im Ausw\u00e4rtsspiel auf den TuS Neuasseln II. Es ist das Duell der Tabellennachbarn. Die Neuasselner liegen mit einem Punkt mehr auf dem 10. Tabellenplatz. Allerdings hat die Mannschaft von der Holzwickederstra\u00dfe auch 3 Spiele weniger absolviert, als das Team von Trainer Andree Schmitz. <\/p>\n\n\n\n<p>Unsere 2. Mannschaft kann in diesem Spiel den Aufw\u00e4rtstrend der letzten beiden Spiele mitnehmen. Ansto\u00df an der Holzwickederstra\u00dfe ist um 19.00 Uhr<\/p>\n","protected":false},"excerpt":{"rendered":"<p>An diesem Donnerstag trifft unsere 2. Mannschaft im Ausw\u00e4rtsspiel auf den TuS Neuasseln II. Es ist das Duell der Tabellennachbarn. Die Neuasselner liegen mit einem Punkt mehr auf dem 10. [&hellip;]<\/p>\n","protected":false},"author":2,"featured_media":2418,"comment_status":"closed","ping_status":"open","sticky":false,"template":"","format":"standard","meta":{"_jetpack_memberships_contains_paid_content":false,"footnotes":""},"categories":[31,1],"tags":[],"class_list":["post-2419","post","type-post","status-publish","format-standard","has-post-thumbnail","hentry","category-2-mannschaft","category-allgemein"],"jetpack_sharing_enabled":true,"jetpack_featured_media_url":"https:\/\/sv-koerne83.de\/wordpress\/wp-content\/uploads\/2022\/04\/SVK_Instagram_donnerstag_zweite2-scaled.jpg","_links":{"self":[{"href":"https:\/\/sv-koerne83.de\/wordpress\/wp-json\/wp\/v2\/posts\/2419","targetHints":{"allow":["GET"]}}],"collection":[{"href":"https:\/\/sv-koerne83.de\/wordpress\/wp-json\/wp\/v2\/posts"}],"about":[{"href":"https:\/\/sv-koerne83.de\/wordpress\/wp-json\/wp\/v2\/types\/post"}],"author":[{"embeddable":true,"href":"https:\/\/sv-koerne83.de\/wordpress\/wp-json\/wp\/v2\/users\/2"}],"replies":[{"embeddable":true,"href":"https:\/\/sv-koerne83.de\/wordpress\/wp-json\/wp\/v2\/comments?post=2419"}],"version-history":[{"count":1,"href":"https:\/\/sv-koerne83.de\/wordpress\/wp-json\/wp\/v2\/posts\/2419\/revisions"}],"predecessor-version":[{"id":2420,"href":"https:\/\/sv-koerne83.de\/wordpress\/wp-json\/wp\/v2\/posts\/2419\/revisions\/2420"}],"wp:featuredmedia":[{"embeddable":true,"href":"https:\/\/sv-koerne83.de\/wordpress\/wp-json\/wp\/v2\/media\/2418"}],"wp:attachment":[{"href":"https:\/\/sv-koerne83.de\/wordpress\/wp-json\/wp\/v2\/media?parent=2419"}],"wp:term":[{"taxonomy":"category","embeddable":true,"href":"https:\/\/sv-koerne83.de\/wordpress\/wp-json\/wp\/v2\/categories?post=2419"},{"taxonomy":"post_tag","embeddable":true,"href":"https:\/\/sv-koerne83.de\/wordpress\/wp-json\/wp\/v2\/tags?post=2419"}],"curies":[{"name":"wp","href":"https:\/\/api.w.org\/{rel}","templated":true}]}}