{"id":2425,"date":"2022-04-12T12:48:33","date_gmt":"2022-04-12T10:48:33","guid":{"rendered":"https:\/\/sv-koerne83.de\/wordpress\/?p=2425"},"modified":"2022-04-12T12:59:58","modified_gmt":"2022-04-12T10:59:58","slug":"youth-cup-2022","status":"publish","type":"post","link":"https:\/\/sv-koerne83.de\/wordpress\/2022\/04\/12\/youth-cup-2022\/","title":{"rendered":"YOUTH CUP 2022"},"content":{"rendered":"\n<p>Im Juni richtet der SV K\u00f6rne 83 nach langer Coronapause wieder das traditionelle Jugendturnier aus. Die A-Jugend beginnt am 05. Juni 2022 mit ihrem Gro\u00dffeldturnier. Am Pfingstmontag, dem 06. Juni 2022, findet das C-Jugend Gro\u00dffeldturnier statt. Die D-Jugend spielt ihr Kleinfeldturnier (8+1) am Samstag, den 11. Juni 2022. Den Abschluss der Turnierwochen macht die E-Jugend am 12. Juni 2022. Hier wird auf Kleinfeld (6+1) gespielt. <\/p>\n\n\n\n<p>F\u00fcr alle Turniertage werden noch Teilnehmer gesucht. Die Anmeldeunterlagen findet ihr auf unserer Homepage. Diese sendet bitte bis zum 30.04.2022 an <a href=\"mailto:daniel.uffelmann@sv-koerne83.de\">daniel.uffelmann@sv-koerne83.de<\/a> Wir freuen uns euch beim Youth Cup im Affenk\u00e4fig begr\u00fc\u00dfen zu d\u00fcrfen. <\/p>\n\n\n\n<div class=\"wp-block-file\"><a href=\"https:\/\/sv-koerne83.de\/wordpress\/wp-content\/uploads\/2022\/04\/Einladung-Youth-Cup-2022.pdf\"><strong>Einladung Youth Cup 2022<\/strong><\/a><a href=\"https:\/\/sv-koerne83.de\/wordpress\/wp-content\/uploads\/2022\/04\/Einladung-Youth-Cup-2022.pdf\" class=\"wp-block-file__button\" download>Herunterladen<\/a><\/div>\n\n\n\n<div class=\"wp-block-file\"><a href=\"https:\/\/sv-koerne83.de\/wordpress\/wp-content\/uploads\/2022\/04\/Anmeldung-Youth-Cup-2022.pdf\"><strong>Anmeldung Youth Cup 2022<\/strong><\/a><a href=\"https:\/\/sv-koerne83.de\/wordpress\/wp-content\/uploads\/2022\/04\/Anmeldung-Youth-Cup-2022.pdf\" class=\"wp-block-file__button\" download>Herunterladen<\/a><\/div>\n","protected":false},"excerpt":{"rendered":"<p>Im Juni richtet der SV K\u00f6rne 83 nach langer Coronapause wieder das traditionelle Jugendturnier aus. Die A-Jugend beginnt am 05. Juni 2022 mit ihrem Gro\u00dffeldturnier. Am Pfingstmontag, dem 06. Juni [&hellip;]<\/p>\n","protected":false},"author":2,"featured_media":2424,"comment_status":"closed","ping_status":"open","sticky":false,"template":"","format":"standard","meta":{"_jetpack_memberships_contains_paid_content":false,"footnotes":""},"categories":[1,35],"tags":[],"class_list":["post-2425","post","type-post","status-publish","format-standard","has-post-thumbnail","hentry","category-allgemein","category-jugend"],"jetpack_sharing_enabled":true,"jetpack_featured_media_url":"https:\/\/sv-koerne83.de\/wordpress\/wp-content\/uploads\/2022\/04\/SVK_Youth-Cup_Turniereinladung2-scaled.jpg","_links":{"self":[{"href":"https:\/\/sv-koerne83.de\/wordpress\/wp-json\/wp\/v2\/posts\/2425","targetHints":{"allow":["GET"]}}],"collection":[{"href":"https:\/\/sv-koerne83.de\/wordpress\/wp-json\/wp\/v2\/posts"}],"about":[{"href":"https:\/\/sv-koerne83.de\/wordpress\/wp-json\/wp\/v2\/types\/post"}],"author":[{"embeddable":true,"href":"https:\/\/sv-koerne83.de\/wordpress\/wp-json\/wp\/v2\/users\/2"}],"replies":[{"embeddable":true,"href":"https:\/\/sv-koerne83.de\/wordpress\/wp-json\/wp\/v2\/comments?post=2425"}],"version-history":[{"count":3,"href":"https:\/\/sv-koerne83.de\/wordpress\/wp-json\/wp\/v2\/posts\/2425\/revisions"}],"predecessor-version":[{"id":2447,"href":"https:\/\/sv-koerne83.de\/wordpress\/wp-json\/wp\/v2\/posts\/2425\/revisions\/2447"}],"wp:featuredmedia":[{"embeddable":true,"href":"https:\/\/sv-koerne83.de\/wordpress\/wp-json\/wp\/v2\/media\/2424"}],"wp:attachment":[{"href":"https:\/\/sv-koerne83.de\/wordpress\/wp-json\/wp\/v2\/media?parent=2425"}],"wp:term":[{"taxonomy":"category","embeddable":true,"href":"https:\/\/sv-koerne83.de\/wordpress\/wp-json\/wp\/v2\/categories?post=2425"},{"taxonomy":"post_tag","embeddable":true,"href":"https:\/\/sv-koerne83.de\/wordpress\/wp-json\/wp\/v2\/tags?post=2425"}],"curies":[{"name":"wp","href":"https:\/\/api.w.org\/{rel}","templated":true}]}}