{"id":2452,"date":"2022-04-13T08:04:39","date_gmt":"2022-04-13T06:04:39","guid":{"rendered":"https:\/\/sv-koerne83.de\/wordpress\/?p=2452"},"modified":"2022-04-13T08:07:28","modified_gmt":"2022-04-13T06:07:28","slug":"1-mannschaft-empfaengt-sc-osmanlispor","status":"publish","type":"post","link":"https:\/\/sv-koerne83.de\/wordpress\/2022\/04\/13\/1-mannschaft-empfaengt-sc-osmanlispor\/","title":{"rendered":"1. Mannschaft empf\u00e4ngt SC Osmanlispor"},"content":{"rendered":"\n<p>Die 1. Mannschaft empf\u00e4ngt am morgigen Donnerstag das Team vom SC Osmanlispor. Die Mannschaft aus dem Dortmunder Westen belegt aktuell den 5. Tabellenplatz und hat weiterhin Chancen im Aufstiegsrennen erfolgreich zu sein. Von den letzten vier Spielen konnte Osmanlispor jedoch nur ein Spiel gewinnen. Osmanlispor reist mit ihren beiden Torj\u00e4gern Pedro Henrique Barbosa Alves und Alfonso Xita Ditutala an. Beide erzielten zusammen in dieser Saison bereits 36 Tore.<\/p>\n\n\n\n<p>Unsere 1. Mannschaft kann mit einem guten Spiel einen Aufstiegsaspiranten \u00e4rgern und so weiterhin an dem internen Saisonziel festhalten. Das Hinspiel verlor man leider mit 5:2. Ansto\u00df am Winkelriedweg ist um 19.30 Uhr. Wir sehen uns im Affenk\u00e4fig!<\/p>\n","protected":false},"excerpt":{"rendered":"<p>Die 1. Mannschaft empf\u00e4ngt am morgigen Donnerstag das Team vom SC Osmanlispor. Die Mannschaft aus dem Dortmunder Westen belegt aktuell den 5. Tabellenplatz und hat weiterhin Chancen im Aufstiegsrennen erfolgreich [&hellip;]<\/p>\n","protected":false},"author":2,"featured_media":2421,"comment_status":"closed","ping_status":"open","sticky":false,"template":"","format":"standard","meta":{"_jetpack_memberships_contains_paid_content":false,"footnotes":""},"categories":[30,1],"tags":[],"class_list":["post-2452","post","type-post","status-publish","format-standard","has-post-thumbnail","hentry","category-1-mannschaft","category-allgemein"],"jetpack_sharing_enabled":true,"jetpack_featured_media_url":"https:\/\/sv-koerne83.de\/wordpress\/wp-content\/uploads\/2022\/04\/SVK_Instagram_donnerstag_erste2-scaled.jpg","_links":{"self":[{"href":"https:\/\/sv-koerne83.de\/wordpress\/wp-json\/wp\/v2\/posts\/2452","targetHints":{"allow":["GET"]}}],"collection":[{"href":"https:\/\/sv-koerne83.de\/wordpress\/wp-json\/wp\/v2\/posts"}],"about":[{"href":"https:\/\/sv-koerne83.de\/wordpress\/wp-json\/wp\/v2\/types\/post"}],"author":[{"embeddable":true,"href":"https:\/\/sv-koerne83.de\/wordpress\/wp-json\/wp\/v2\/users\/2"}],"replies":[{"embeddable":true,"href":"https:\/\/sv-koerne83.de\/wordpress\/wp-json\/wp\/v2\/comments?post=2452"}],"version-history":[{"count":2,"href":"https:\/\/sv-koerne83.de\/wordpress\/wp-json\/wp\/v2\/posts\/2452\/revisions"}],"predecessor-version":[{"id":2454,"href":"https:\/\/sv-koerne83.de\/wordpress\/wp-json\/wp\/v2\/posts\/2452\/revisions\/2454"}],"wp:featuredmedia":[{"embeddable":true,"href":"https:\/\/sv-koerne83.de\/wordpress\/wp-json\/wp\/v2\/media\/2421"}],"wp:attachment":[{"href":"https:\/\/sv-koerne83.de\/wordpress\/wp-json\/wp\/v2\/media?parent=2452"}],"wp:term":[{"taxonomy":"category","embeddable":true,"href":"https:\/\/sv-koerne83.de\/wordpress\/wp-json\/wp\/v2\/categories?post=2452"},{"taxonomy":"post_tag","embeddable":true,"href":"https:\/\/sv-koerne83.de\/wordpress\/wp-json\/wp\/v2\/tags?post=2452"}],"curies":[{"name":"wp","href":"https:\/\/api.w.org\/{rel}","templated":true}]}}