{"id":2458,"date":"2022-04-15T09:51:33","date_gmt":"2022-04-15T07:51:33","guid":{"rendered":"https:\/\/sv-koerne83.de\/wordpress\/?p=2458"},"modified":"2022-04-15T09:51:34","modified_gmt":"2022-04-15T07:51:34","slug":"hallenstadtmeisterschaft-fuer-die-kleinsten","status":"publish","type":"post","link":"https:\/\/sv-koerne83.de\/wordpress\/2022\/04\/15\/hallenstadtmeisterschaft-fuer-die-kleinsten\/","title":{"rendered":"Hallenstadtmeisterschaft f\u00fcr die Kleinsten"},"content":{"rendered":"\n<p>Unsere G-Jugend nimmt am morgigen Samstag bei den Hallenstadtmeisterschaften teil. Das Turnier findet in der Sporthalle H\u00f6rde (Danziger Stra\u00dfe) statt. Unsere Minikicker treffen um 10.00 Uhr auf Urania L\u00fctgendortmund, um 11.18 Uhr auf den H\u00f6rder SC und um 11.44 Uhr auf die Dortmunder L\u00f6wen. Unsere j\u00fcngsten Kicker und Kickerinnen freuen sich \u00fcber zahlreiche Unterst\u00fctzung auf der Trib\u00fcne!<\/p>\n","protected":false},"excerpt":{"rendered":"<p>Unsere G-Jugend nimmt am morgigen Samstag bei den Hallenstadtmeisterschaften teil. Das Turnier findet in der Sporthalle H\u00f6rde (Danziger Stra\u00dfe) statt. Unsere Minikicker treffen um 10.00 Uhr auf Urania L\u00fctgendortmund, um [&hellip;]<\/p>\n","protected":false},"author":2,"featured_media":2457,"comment_status":"closed","ping_status":"open","sticky":false,"template":"","format":"standard","meta":{"_jetpack_memberships_contains_paid_content":false,"footnotes":""},"categories":[1,35],"tags":[],"class_list":["post-2458","post","type-post","status-publish","format-standard","has-post-thumbnail","hentry","category-allgemein","category-jugend"],"jetpack_sharing_enabled":true,"jetpack_featured_media_url":"https:\/\/sv-koerne83.de\/wordpress\/wp-content\/uploads\/2022\/04\/SVK_Instagram_HSM_G-JUGEND2-scaled.jpg","_links":{"self":[{"href":"https:\/\/sv-koerne83.de\/wordpress\/wp-json\/wp\/v2\/posts\/2458","targetHints":{"allow":["GET"]}}],"collection":[{"href":"https:\/\/sv-koerne83.de\/wordpress\/wp-json\/wp\/v2\/posts"}],"about":[{"href":"https:\/\/sv-koerne83.de\/wordpress\/wp-json\/wp\/v2\/types\/post"}],"author":[{"embeddable":true,"href":"https:\/\/sv-koerne83.de\/wordpress\/wp-json\/wp\/v2\/users\/2"}],"replies":[{"embeddable":true,"href":"https:\/\/sv-koerne83.de\/wordpress\/wp-json\/wp\/v2\/comments?post=2458"}],"version-history":[{"count":1,"href":"https:\/\/sv-koerne83.de\/wordpress\/wp-json\/wp\/v2\/posts\/2458\/revisions"}],"predecessor-version":[{"id":2459,"href":"https:\/\/sv-koerne83.de\/wordpress\/wp-json\/wp\/v2\/posts\/2458\/revisions\/2459"}],"wp:featuredmedia":[{"embeddable":true,"href":"https:\/\/sv-koerne83.de\/wordpress\/wp-json\/wp\/v2\/media\/2457"}],"wp:attachment":[{"href":"https:\/\/sv-koerne83.de\/wordpress\/wp-json\/wp\/v2\/media?parent=2458"}],"wp:term":[{"taxonomy":"category","embeddable":true,"href":"https:\/\/sv-koerne83.de\/wordpress\/wp-json\/wp\/v2\/categories?post=2458"},{"taxonomy":"post_tag","embeddable":true,"href":"https:\/\/sv-koerne83.de\/wordpress\/wp-json\/wp\/v2\/tags?post=2458"}],"curies":[{"name":"wp","href":"https:\/\/api.w.org\/{rel}","templated":true}]}}