{"id":2460,"date":"2022-04-16T00:12:21","date_gmt":"2022-04-15T22:12:21","guid":{"rendered":"https:\/\/sv-koerne83.de\/wordpress\/?p=2460"},"modified":"2022-04-16T00:12:22","modified_gmt":"2022-04-15T22:12:22","slug":"hallenstadtmeisterschaft-fuer-unsere-b-jugend","status":"publish","type":"post","link":"https:\/\/sv-koerne83.de\/wordpress\/2022\/04\/16\/hallenstadtmeisterschaft-fuer-unsere-b-jugend\/","title":{"rendered":"Hallenstadtmeisterschaft f\u00fcr unsere B-Jugend"},"content":{"rendered":"\n<p>Unsere B-Jugend spielt am heutigen Samstag bei den diesj\u00e4hrigen Hallenstadtmeisterschaften mit. Das Turnier wird in der Sporthalle Dammwiese (Dammwiese, 44532 L\u00fcnen) ausgetragen. Im ersten Spiel, um 14.28 Uhr, trifft das Team von Trainer Tobias Schigowski auf Mengede 08\/20. Um 16.06 Uhr findet das zweite Spiel gegen den SV Brackel 06 statt. Abschlie\u00dfend wird um 16.48 Uhr das dritte und letzte Spiel gegen Westfalia Kirchlinde ausgetragen. Unsere B-Jugend freut sich \u00fcber zahlreiche Unterst\u00fctzung auf der Trib\u00fcne!<\/p>\n","protected":false},"excerpt":{"rendered":"<p>Unsere B-Jugend spielt am heutigen Samstag bei den diesj\u00e4hrigen Hallenstadtmeisterschaften mit. Das Turnier wird in der Sporthalle Dammwiese (Dammwiese, 44532 L\u00fcnen) ausgetragen. Im ersten Spiel, um 14.28 Uhr, trifft das [&hellip;]<\/p>\n","protected":false},"author":2,"featured_media":2455,"comment_status":"closed","ping_status":"open","sticky":false,"template":"","format":"standard","meta":{"_jetpack_memberships_contains_paid_content":false,"footnotes":""},"categories":[1,35],"tags":[],"class_list":["post-2460","post","type-post","status-publish","format-standard","has-post-thumbnail","hentry","category-allgemein","category-jugend"],"jetpack_sharing_enabled":true,"jetpack_featured_media_url":"https:\/\/sv-koerne83.de\/wordpress\/wp-content\/uploads\/2022\/04\/SVK_Instagram_HSM_B-JUGEND2-scaled.jpg","_links":{"self":[{"href":"https:\/\/sv-koerne83.de\/wordpress\/wp-json\/wp\/v2\/posts\/2460","targetHints":{"allow":["GET"]}}],"collection":[{"href":"https:\/\/sv-koerne83.de\/wordpress\/wp-json\/wp\/v2\/posts"}],"about":[{"href":"https:\/\/sv-koerne83.de\/wordpress\/wp-json\/wp\/v2\/types\/post"}],"author":[{"embeddable":true,"href":"https:\/\/sv-koerne83.de\/wordpress\/wp-json\/wp\/v2\/users\/2"}],"replies":[{"embeddable":true,"href":"https:\/\/sv-koerne83.de\/wordpress\/wp-json\/wp\/v2\/comments?post=2460"}],"version-history":[{"count":2,"href":"https:\/\/sv-koerne83.de\/wordpress\/wp-json\/wp\/v2\/posts\/2460\/revisions"}],"predecessor-version":[{"id":2465,"href":"https:\/\/sv-koerne83.de\/wordpress\/wp-json\/wp\/v2\/posts\/2460\/revisions\/2465"}],"wp:featuredmedia":[{"embeddable":true,"href":"https:\/\/sv-koerne83.de\/wordpress\/wp-json\/wp\/v2\/media\/2455"}],"wp:attachment":[{"href":"https:\/\/sv-koerne83.de\/wordpress\/wp-json\/wp\/v2\/media?parent=2460"}],"wp:term":[{"taxonomy":"category","embeddable":true,"href":"https:\/\/sv-koerne83.de\/wordpress\/wp-json\/wp\/v2\/categories?post=2460"},{"taxonomy":"post_tag","embeddable":true,"href":"https:\/\/sv-koerne83.de\/wordpress\/wp-json\/wp\/v2\/tags?post=2460"}],"curies":[{"name":"wp","href":"https:\/\/api.w.org\/{rel}","templated":true}]}}