{"id":2462,"date":"2022-04-16T09:39:59","date_gmt":"2022-04-16T07:39:59","guid":{"rendered":"https:\/\/sv-koerne83.de\/wordpress\/?p=2462"},"modified":"2022-04-16T09:40:00","modified_gmt":"2022-04-16T07:40:00","slug":"hallenstadtmeisterschaft-fuer-unsere-c-jugend","status":"publish","type":"post","link":"https:\/\/sv-koerne83.de\/wordpress\/2022\/04\/16\/hallenstadtmeisterschaft-fuer-unsere-c-jugend\/","title":{"rendered":"Hallenstadtmeisterschaft f\u00fcr unsere C-Jugend"},"content":{"rendered":"\n<p>Unsere C-Jugend spielt am morgigen Sonntag bei den diesj\u00e4hrigen Hallenstadtmeisterschaften mit. Das Turnier wird in der Sporthalle Kreuzstra\u00dfe Kreuzstra\u00dfe 145, 44137 Dortmund) ausgetragen. Im ersten Spiel, um 14.30 Uhr, trifft das Team von Trainer Serdar Calmekik auf Westfalia Huckarde. Das Derby gegen den Ortsnachbarn DJK TuS K\u00f6rne wird um 15.39 Uhr angepfiffen. Abschlie\u00dfend findet um 16.02 Uhr das dritte und letzte Spiel gegen Hellweg L\u00fctgendortmund statt. Unsere C-Jugend freut sich \u00fcber zahlreiche Unterst\u00fctzung auf der Trib\u00fcne!<\/p>\n","protected":false},"excerpt":{"rendered":"<p>Unsere C-Jugend spielt am morgigen Sonntag bei den diesj\u00e4hrigen Hallenstadtmeisterschaften mit. Das Turnier wird in der Sporthalle Kreuzstra\u00dfe Kreuzstra\u00dfe 145, 44137 Dortmund) ausgetragen. Im ersten Spiel, um 14.30 Uhr, trifft [&hellip;]<\/p>\n","protected":false},"author":2,"featured_media":2456,"comment_status":"closed","ping_status":"open","sticky":false,"template":"","format":"standard","meta":{"_jetpack_memberships_contains_paid_content":false,"footnotes":""},"categories":[1,35],"tags":[],"class_list":["post-2462","post","type-post","status-publish","format-standard","has-post-thumbnail","hentry","category-allgemein","category-jugend"],"jetpack_sharing_enabled":true,"jetpack_featured_media_url":"https:\/\/sv-koerne83.de\/wordpress\/wp-content\/uploads\/2022\/04\/SVK_Instagram_HSM_C-JUGEND2-scaled.jpg","_links":{"self":[{"href":"https:\/\/sv-koerne83.de\/wordpress\/wp-json\/wp\/v2\/posts\/2462","targetHints":{"allow":["GET"]}}],"collection":[{"href":"https:\/\/sv-koerne83.de\/wordpress\/wp-json\/wp\/v2\/posts"}],"about":[{"href":"https:\/\/sv-koerne83.de\/wordpress\/wp-json\/wp\/v2\/types\/post"}],"author":[{"embeddable":true,"href":"https:\/\/sv-koerne83.de\/wordpress\/wp-json\/wp\/v2\/users\/2"}],"replies":[{"embeddable":true,"href":"https:\/\/sv-koerne83.de\/wordpress\/wp-json\/wp\/v2\/comments?post=2462"}],"version-history":[{"count":1,"href":"https:\/\/sv-koerne83.de\/wordpress\/wp-json\/wp\/v2\/posts\/2462\/revisions"}],"predecessor-version":[{"id":2463,"href":"https:\/\/sv-koerne83.de\/wordpress\/wp-json\/wp\/v2\/posts\/2462\/revisions\/2463"}],"wp:featuredmedia":[{"embeddable":true,"href":"https:\/\/sv-koerne83.de\/wordpress\/wp-json\/wp\/v2\/media\/2456"}],"wp:attachment":[{"href":"https:\/\/sv-koerne83.de\/wordpress\/wp-json\/wp\/v2\/media?parent=2462"}],"wp:term":[{"taxonomy":"category","embeddable":true,"href":"https:\/\/sv-koerne83.de\/wordpress\/wp-json\/wp\/v2\/categories?post=2462"},{"taxonomy":"post_tag","embeddable":true,"href":"https:\/\/sv-koerne83.de\/wordpress\/wp-json\/wp\/v2\/tags?post=2462"}],"curies":[{"name":"wp","href":"https:\/\/api.w.org\/{rel}","templated":true}]}}