{"id":2481,"date":"2022-04-21T09:52:43","date_gmt":"2022-04-21T07:52:43","guid":{"rendered":"https:\/\/sv-koerne83.de\/wordpress\/?p=2481"},"modified":"2022-04-21T09:55:15","modified_gmt":"2022-04-21T07:55:15","slug":"minikicker-spielen-in-der-finalrunde","status":"publish","type":"post","link":"https:\/\/sv-koerne83.de\/wordpress\/2022\/04\/21\/minikicker-spielen-in-der-finalrunde\/","title":{"rendered":"Minikicker spielen in der Finalrunde"},"content":{"rendered":"\n<p>Bei den diesj\u00e4hrigen Hallenstadtmeisterschaften spielen unsere Minikicker an diesem Samstag in der Finalrunde. Die kleinen Kickerinnen und Kicker treffen in der Sporthalle Kreuzstra\u00dfe auf sechs weitere Gegner.<\/p>\n\n\n\n<p>Um 9.54 Uhr findet das erste Spiel gegen Westfalia Kirchlinde statt. Um 10.30 Uhr spielt man gegen den VfL H\u00f6rde. Um 11.06 Uhr steigt das Duell gegen Hellweg L\u00fctgendortmund. Um 11.42 Uhr trifft das Team auf Mengede 08\/20. Um 12.18 Uhr findet das Spiel gegen den VfR S\u00f6lde II statt. Das Abschlussspiel gegen Westfalia Huckarde wird um 13.06 Uhr angepfiffen.<\/p>\n\n\n\n<p>Die Minikicker freuen sich \u00fcber zahlreiche Unterst\u00fctzung auf der Trib\u00fcne.<\/p>\n","protected":false},"excerpt":{"rendered":"<p>Bei den diesj\u00e4hrigen Hallenstadtmeisterschaften spielen unsere Minikicker an diesem Samstag in der Finalrunde. Die kleinen Kickerinnen und Kicker treffen in der Sporthalle Kreuzstra\u00dfe auf sechs weitere Gegner. Um 9.54 Uhr [&hellip;]<\/p>\n","protected":false},"author":2,"featured_media":2482,"comment_status":"closed","ping_status":"open","sticky":false,"template":"","format":"standard","meta":{"_jetpack_memberships_contains_paid_content":false,"footnotes":""},"categories":[1,35],"tags":[],"class_list":["post-2481","post","type-post","status-publish","format-standard","has-post-thumbnail","hentry","category-allgemein","category-jugend"],"jetpack_sharing_enabled":true,"jetpack_featured_media_url":"https:\/\/sv-koerne83.de\/wordpress\/wp-content\/uploads\/2022\/04\/SVK_Instagram_HSM_G-JUGEND_ENDRUNDE2-1-scaled.jpg","_links":{"self":[{"href":"https:\/\/sv-koerne83.de\/wordpress\/wp-json\/wp\/v2\/posts\/2481","targetHints":{"allow":["GET"]}}],"collection":[{"href":"https:\/\/sv-koerne83.de\/wordpress\/wp-json\/wp\/v2\/posts"}],"about":[{"href":"https:\/\/sv-koerne83.de\/wordpress\/wp-json\/wp\/v2\/types\/post"}],"author":[{"embeddable":true,"href":"https:\/\/sv-koerne83.de\/wordpress\/wp-json\/wp\/v2\/users\/2"}],"replies":[{"embeddable":true,"href":"https:\/\/sv-koerne83.de\/wordpress\/wp-json\/wp\/v2\/comments?post=2481"}],"version-history":[{"count":2,"href":"https:\/\/sv-koerne83.de\/wordpress\/wp-json\/wp\/v2\/posts\/2481\/revisions"}],"predecessor-version":[{"id":2484,"href":"https:\/\/sv-koerne83.de\/wordpress\/wp-json\/wp\/v2\/posts\/2481\/revisions\/2484"}],"wp:featuredmedia":[{"embeddable":true,"href":"https:\/\/sv-koerne83.de\/wordpress\/wp-json\/wp\/v2\/media\/2482"}],"wp:attachment":[{"href":"https:\/\/sv-koerne83.de\/wordpress\/wp-json\/wp\/v2\/media?parent=2481"}],"wp:term":[{"taxonomy":"category","embeddable":true,"href":"https:\/\/sv-koerne83.de\/wordpress\/wp-json\/wp\/v2\/categories?post=2481"},{"taxonomy":"post_tag","embeddable":true,"href":"https:\/\/sv-koerne83.de\/wordpress\/wp-json\/wp\/v2\/tags?post=2481"}],"curies":[{"name":"wp","href":"https:\/\/api.w.org\/{rel}","templated":true}]}}