{"id":2485,"date":"2022-04-22T08:09:29","date_gmt":"2022-04-22T06:09:29","guid":{"rendered":"https:\/\/sv-koerne83.de\/wordpress\/?p=2485"},"modified":"2022-04-22T08:09:30","modified_gmt":"2022-04-22T06:09:30","slug":"altherren-geben-sich-die-ehre","status":"publish","type":"post","link":"https:\/\/sv-koerne83.de\/wordpress\/2022\/04\/22\/altherren-geben-sich-die-ehre\/","title":{"rendered":"Altherren geben sich die Ehre"},"content":{"rendered":"\n<p>Am morgigen Samstag bestreitet unsere Altherrenmannschaft mal wieder ein Heimspiel. Gegner ist das Team von SuS H\u00f6rde. Die Mannschaft vom altehrw\u00fcrdigen Schallacker reist zum Duell in den Affenk\u00e4fig an. Im letzten Aufeinandertreffen setzte sich unsere Altherrenmannschaft mit 8:0 durch. <\/p>\n\n\n\n<p>Ansto\u00df ist um 16.00 Uhr. Im Anschluss zeigen wir, live im Vereinsheim, das Spiel von Borussia Dortmund gegen den FC Bayern M\u00fcnchen. Wir sehen uns im Affenk\u00e4fig!<\/p>\n","protected":false},"excerpt":{"rendered":"<p>Am morgigen Samstag bestreitet unsere Altherrenmannschaft mal wieder ein Heimspiel. Gegner ist das Team von SuS H\u00f6rde. Die Mannschaft vom altehrw\u00fcrdigen Schallacker reist zum Duell in den Affenk\u00e4fig an. Im [&hellip;]<\/p>\n","protected":false},"author":2,"featured_media":2487,"comment_status":"closed","ping_status":"open","sticky":false,"template":"","format":"standard","meta":{"_jetpack_memberships_contains_paid_content":false,"footnotes":""},"categories":[1,34],"tags":[],"class_list":["post-2485","post","type-post","status-publish","format-standard","has-post-thumbnail","hentry","category-allgemein","category-alte-herren"],"jetpack_sharing_enabled":true,"jetpack_featured_media_url":"https:\/\/sv-koerne83.de\/wordpress\/wp-content\/uploads\/2022\/04\/SVK_Instagram_Altherren_Hoerde2-scaled.jpg","_links":{"self":[{"href":"https:\/\/sv-koerne83.de\/wordpress\/wp-json\/wp\/v2\/posts\/2485","targetHints":{"allow":["GET"]}}],"collection":[{"href":"https:\/\/sv-koerne83.de\/wordpress\/wp-json\/wp\/v2\/posts"}],"about":[{"href":"https:\/\/sv-koerne83.de\/wordpress\/wp-json\/wp\/v2\/types\/post"}],"author":[{"embeddable":true,"href":"https:\/\/sv-koerne83.de\/wordpress\/wp-json\/wp\/v2\/users\/2"}],"replies":[{"embeddable":true,"href":"https:\/\/sv-koerne83.de\/wordpress\/wp-json\/wp\/v2\/comments?post=2485"}],"version-history":[{"count":3,"href":"https:\/\/sv-koerne83.de\/wordpress\/wp-json\/wp\/v2\/posts\/2485\/revisions"}],"predecessor-version":[{"id":2489,"href":"https:\/\/sv-koerne83.de\/wordpress\/wp-json\/wp\/v2\/posts\/2485\/revisions\/2489"}],"wp:featuredmedia":[{"embeddable":true,"href":"https:\/\/sv-koerne83.de\/wordpress\/wp-json\/wp\/v2\/media\/2487"}],"wp:attachment":[{"href":"https:\/\/sv-koerne83.de\/wordpress\/wp-json\/wp\/v2\/media?parent=2485"}],"wp:term":[{"taxonomy":"category","embeddable":true,"href":"https:\/\/sv-koerne83.de\/wordpress\/wp-json\/wp\/v2\/categories?post=2485"},{"taxonomy":"post_tag","embeddable":true,"href":"https:\/\/sv-koerne83.de\/wordpress\/wp-json\/wp\/v2\/tags?post=2485"}],"curies":[{"name":"wp","href":"https:\/\/api.w.org\/{rel}","templated":true}]}}