{"id":2504,"date":"2022-05-06T08:14:05","date_gmt":"2022-05-06T06:14:05","guid":{"rendered":"https:\/\/sv-koerne83.de\/wordpress\/?p=2504"},"modified":"2022-05-06T08:14:05","modified_gmt":"2022-05-06T06:14:05","slug":"topspiel-fuer-die-1-mannschaft-2","status":"publish","type":"post","link":"https:\/\/sv-koerne83.de\/wordpress\/2022\/05\/06\/topspiel-fuer-die-1-mannschaft-2\/","title":{"rendered":"Topspiel f\u00fcr die 1. Mannschaft"},"content":{"rendered":"\n<p>Am Samstagabend reist mit dem VfR S\u00f6lde II ein absoluter Aufstiegskandidat in den Affenk\u00e4fig an. Die S\u00f6lder belegen aktuell zwar den 3. Tabellenplatz, haben jedoch auch 2 Spiele weniger als die Konkurrenz. Das Team von Trainer Marcel M\u00f6ller stellt mit Patrick Johann den drittbesten Torsch\u00fctzen der Liga. Aus den letzten 5 Spielen verlor der VfR die letzten beide Spiele gegen Alemannia Scharnhorst und den Dortmunder L\u00f6wen. Unsere 1. Mannschaft kann mit einem Sieg weiterhin f\u00fcr eine gro\u00dfe Spannung im Aufstiegskampf sorgen.&nbsp;<\/p>\n\n\n\n<p>Wir freuen uns am Samstag auf eine gro\u00dfe Unterst\u00fctzung f\u00fcr unsere 1. Mannschaft und hei\u00dfen alle G\u00e4ste herzlich Willkommen. Ansto\u00df am Winkelriedweg ist um 18.00 Uhr. Wir sehen uns im Affenk\u00e4fig!<\/p>\n","protected":false},"excerpt":{"rendered":"<p>Am Samstagabend reist mit dem VfR S\u00f6lde II ein absoluter Aufstiegskandidat in den Affenk\u00e4fig an. Die S\u00f6lder belegen aktuell zwar den 3. Tabellenplatz, haben jedoch auch 2 Spiele weniger als [&hellip;]<\/p>\n","protected":false},"author":2,"featured_media":2503,"comment_status":"closed","ping_status":"open","sticky":false,"template":"","format":"standard","meta":{"_jetpack_memberships_contains_paid_content":false,"footnotes":""},"categories":[30,1],"tags":[],"class_list":["post-2504","post","type-post","status-publish","format-standard","has-post-thumbnail","hentry","category-1-mannschaft","category-allgemein"],"jetpack_sharing_enabled":true,"jetpack_featured_media_url":"https:\/\/sv-koerne83.de\/wordpress\/wp-content\/uploads\/2022\/05\/SVK_Instagram_Topspiel_erste_Samstag2-scaled.jpg","_links":{"self":[{"href":"https:\/\/sv-koerne83.de\/wordpress\/wp-json\/wp\/v2\/posts\/2504","targetHints":{"allow":["GET"]}}],"collection":[{"href":"https:\/\/sv-koerne83.de\/wordpress\/wp-json\/wp\/v2\/posts"}],"about":[{"href":"https:\/\/sv-koerne83.de\/wordpress\/wp-json\/wp\/v2\/types\/post"}],"author":[{"embeddable":true,"href":"https:\/\/sv-koerne83.de\/wordpress\/wp-json\/wp\/v2\/users\/2"}],"replies":[{"embeddable":true,"href":"https:\/\/sv-koerne83.de\/wordpress\/wp-json\/wp\/v2\/comments?post=2504"}],"version-history":[{"count":1,"href":"https:\/\/sv-koerne83.de\/wordpress\/wp-json\/wp\/v2\/posts\/2504\/revisions"}],"predecessor-version":[{"id":2505,"href":"https:\/\/sv-koerne83.de\/wordpress\/wp-json\/wp\/v2\/posts\/2504\/revisions\/2505"}],"wp:featuredmedia":[{"embeddable":true,"href":"https:\/\/sv-koerne83.de\/wordpress\/wp-json\/wp\/v2\/media\/2503"}],"wp:attachment":[{"href":"https:\/\/sv-koerne83.de\/wordpress\/wp-json\/wp\/v2\/media?parent=2504"}],"wp:term":[{"taxonomy":"category","embeddable":true,"href":"https:\/\/sv-koerne83.de\/wordpress\/wp-json\/wp\/v2\/categories?post=2504"},{"taxonomy":"post_tag","embeddable":true,"href":"https:\/\/sv-koerne83.de\/wordpress\/wp-json\/wp\/v2\/tags?post=2504"}],"curies":[{"name":"wp","href":"https:\/\/api.w.org\/{rel}","templated":true}]}}