{"id":2507,"date":"2022-05-10T15:53:12","date_gmt":"2022-05-10T13:53:12","guid":{"rendered":"https:\/\/sv-koerne83.de\/wordpress\/?p=2507"},"modified":"2022-05-10T15:53:12","modified_gmt":"2022-05-10T13:53:12","slug":"koerne-schlaegt-zweimal-den-tabellenfuehrer-matchwinner-nguendiama","status":"publish","type":"post","link":"https:\/\/sv-koerne83.de\/wordpress\/2022\/05\/10\/koerne-schlaegt-zweimal-den-tabellenfuehrer-matchwinner-nguendiama\/","title":{"rendered":"K\u00f6rne schl\u00e4gt zweimal den Tabellenf\u00fchrer &#8211; Matchwinner Nguendiama"},"content":{"rendered":"\n<p>Bereits am Samstag konnte unsere 1. Mannschaft gegen den Spitzenreiter vom VfR S\u00f6lde II einen 2:1 Heimsieg einfahren. Den 1:0 R\u00fcckstand glich Tomas Rucinskas in der 23. Minuten aus. In einem weiteren, zum gr\u00f6\u00dften Teil, ausgeglichenen Spiel sah der Gast aus S\u00f6lde, in der zweiten H\u00e4lfte, die gelb-rote Karte. Unsere K\u00f6rner Jungs wollten den Punkt nicht verteidigen und spielten weiterhin auf Sieg. In der 94. Minute war es dann Yonza Armin Nguendiama, der aus der 2. Mannschaft aushalf und mit einem sehenswerten Abschluss ins S\u00f6lder Tor traf. <\/p>\n\n\n\n<p>Am Sonntag reiste unsere 2. Mannschaft zum Derby nach TuS K\u00f6rne. Gegen die 2. Mannschaft vom TuS traf man auf den Tabellenf\u00fchrer der Kreisliga B Gruppe 4. Die jeweiligen F\u00fchrungen vom TuS konnten Arely Lomboto und Fabian Wangerowski (2x) ausgleichen. Dann schlug erneut die Stunde von Yonza Armin Nguendiama, der nach dem gestrigen Tor in der 94. Minute, wieder ein Spiel gegen einen Spitzenreiter in der Schlussphase entschied. Das 4:3 f\u00fcr unsere 2. Mannschaft fiel in der 84. Minute und konnte bis zum Abpfiff \u00fcber die Zeit gerettet werden.<\/p>\n\n\n\n<p>Unsere 3. Mannschaft konnte am Sonntag ihr Heimspiel gegen TuRa Asseln II mit 5:0 gewinnen. Matchwinner war hier Deniz Serdar, der 4x ins gegnerische Tor traf. Yassir Bouzerda konnte sich einmal in die Torsch\u00fctzenliste eintragen.<\/p>\n\n\n\n<p>Unser Frauenteam gewann ausw\u00e4rts bei starken Brambaueraner-Frauen mit 2:0 und \u00fcberholten so den BV Brambauer in der Tabelle. Die Tore erzielten Yasmin Kiss und Sandy Deans.<\/p>\n","protected":false},"excerpt":{"rendered":"<p>Bereits am Samstag konnte unsere 1. Mannschaft gegen den Spitzenreiter vom VfR S\u00f6lde II einen 2:1 Heimsieg einfahren. Den 1:0 R\u00fcckstand glich Tomas Rucinskas in der 23. Minuten aus. In [&hellip;]<\/p>\n","protected":false},"author":2,"featured_media":2509,"comment_status":"closed","ping_status":"open","sticky":false,"template":"","format":"standard","meta":{"_jetpack_memberships_contains_paid_content":false,"footnotes":""},"categories":[30,31,32,1,45],"tags":[],"class_list":["post-2507","post","type-post","status-publish","format-standard","has-post-thumbnail","hentry","category-1-mannschaft","category-2-mannschaft","category-3-mannschaft","category-allgemein","category-frauen"],"jetpack_sharing_enabled":true,"jetpack_featured_media_url":"https:\/\/sv-koerne83.de\/wordpress\/wp-content\/uploads\/2022\/05\/IMG_0813.jpeg","_links":{"self":[{"href":"https:\/\/sv-koerne83.de\/wordpress\/wp-json\/wp\/v2\/posts\/2507","targetHints":{"allow":["GET"]}}],"collection":[{"href":"https:\/\/sv-koerne83.de\/wordpress\/wp-json\/wp\/v2\/posts"}],"about":[{"href":"https:\/\/sv-koerne83.de\/wordpress\/wp-json\/wp\/v2\/types\/post"}],"author":[{"embeddable":true,"href":"https:\/\/sv-koerne83.de\/wordpress\/wp-json\/wp\/v2\/users\/2"}],"replies":[{"embeddable":true,"href":"https:\/\/sv-koerne83.de\/wordpress\/wp-json\/wp\/v2\/comments?post=2507"}],"version-history":[{"count":1,"href":"https:\/\/sv-koerne83.de\/wordpress\/wp-json\/wp\/v2\/posts\/2507\/revisions"}],"predecessor-version":[{"id":2508,"href":"https:\/\/sv-koerne83.de\/wordpress\/wp-json\/wp\/v2\/posts\/2507\/revisions\/2508"}],"wp:featuredmedia":[{"embeddable":true,"href":"https:\/\/sv-koerne83.de\/wordpress\/wp-json\/wp\/v2\/media\/2509"}],"wp:attachment":[{"href":"https:\/\/sv-koerne83.de\/wordpress\/wp-json\/wp\/v2\/media?parent=2507"}],"wp:term":[{"taxonomy":"category","embeddable":true,"href":"https:\/\/sv-koerne83.de\/wordpress\/wp-json\/wp\/v2\/categories?post=2507"},{"taxonomy":"post_tag","embeddable":true,"href":"https:\/\/sv-koerne83.de\/wordpress\/wp-json\/wp\/v2\/tags?post=2507"}],"curies":[{"name":"wp","href":"https:\/\/api.w.org\/{rel}","templated":true}]}}