{"id":2511,"date":"2022-05-12T06:47:05","date_gmt":"2022-05-12T04:47:05","guid":{"rendered":"https:\/\/sv-koerne83.de\/wordpress\/?p=2511"},"modified":"2022-05-12T06:47:06","modified_gmt":"2022-05-12T04:47:06","slug":"sv-koerne-ist-startklar-fuer-die-neue-saison","status":"publish","type":"post","link":"https:\/\/sv-koerne83.de\/wordpress\/2022\/05\/12\/sv-koerne-ist-startklar-fuer-die-neue-saison\/","title":{"rendered":"SV K\u00f6rne ist startklar f\u00fcr die neue Saison"},"content":{"rendered":"\n<p>Die aktuelle Saison ist noch nicht zu Ende, da richtet sich der Blick schon jetzt auf die neue Spielzeit. In der Saison 2022\/2023 gehen wir wieder mit drei Seniorenmannschaften und einem Frauenteam in die Saison. Hier sind, wie schon in der aktuellen Spielzeit, die Mannschaften in allen Kreisligen vertreten. Die 1. Mannschaft spielt auch in der neuen Saison in der Kreisliga A. Die 2. Mannschaft konnte sich durch die letzten Spiele den Klassenerhalt sichern und tritt erneut in der Kreisliga B an. Unsere 3. Mannschaft bestreitet ihre Spiele wieder in der Kreisliga C und unser Frauenteam tr\u00e4gt ihre Spiele in der Kreisliga A aus. \u201eEs freut uns, dass wir die Mannschaften in ihren Ligen halten konnten und das wir weiterhin 3 Seniorenmannschaften und ein Frauenteam stellen k\u00f6nnen. Somit bieten wir f\u00fcr jeden Fu\u00dfballinteressierten eine geeignete Mannschaft.\u201c erkl\u00e4rt der 2. Vorsitzende Tim Exner.<\/p>\n\n\n\n<h3 class=\"wp-block-heading\">GESCHLOSSENHEIT IST DER SCHL\u00dcSSEL ZUM ERFOLG<\/h3>\n\n\n\n<p>Wie auch schon in der aktuellen Spielzeit k\u00f6nnen wir durch eine Geschlossenheit innerhalb der Seniorenabteilung punkten. \u201eBereits in dieser Saison halfen sich die Mannschaften untereinander aus. Wenn wir dies in der neuen Spielzeit optimieren k\u00f6nnen, werden wir in allen Mannschaften noch mehr davon profitieren\u201c, erg\u00e4nzt der 1. Vorsitzende Eddy Hoffmann.&nbsp;<\/p>\n\n\n\n<p>Der Verein mit ihren beiden Vorsitzenden Eddy Hoffmann und Tim Exner freut sich, dass die Posten der Trainer und Betreuer bereits feststehen und man sich jetzt an den Feinschliff f\u00fcr die Saisonvorbereitung machen kann. Viktor Pusch und Holger Wiedemann werden weiterhin das Traineramt der 1. Mannschaft inne haben. Daniel \u201ePaco\u201c Grabemann bleibt Betreuer der 1. Mannschaft. Andree Schmitz und Philipp Stefen trainieren unsere 2. Mannschaft und werden erneut die jungen Spieler auf die 1. Mannschaft vorbereiten. Harald \u201eHarry\u201c Schubert unterst\u00fctzt als Torwarttrainer. Die 3. Mannschaft wird von Christopher Koebel trainiert, der aller Voraussicht nach ab dem Sommer die Trainerlizenz vorweisen kann. Als Unterst\u00fctzung an seiner Seite konnte Patrick Burckhardt gewonnen werden. F\u00fcr das Frauenteam ist Dennis Taubenheim verantwortlich. Er m\u00f6chte mit seiner Co-Trainerin Kerstin Gragen den Aufschwung der letzten Wochen in die neue Saison transportieren.&nbsp;<\/p>\n\n\n\n<p>Der SVK freut sich jetzt schon auf die neue Saison und hofft auf reichlich Fan-Support im Affenk\u00e4fig und auf den Dortmunder Sportpl\u00e4tzen. Unser Vereinsheim-Team versorgt euch auch in der n\u00e4chsten Saison mit k\u00fchlen Getr\u00e4nken und leckerem Essen. Wer Interesse an einem Probetraining hat, kann sich gerne bei den Mannschaften melden.<\/p>\n","protected":false},"excerpt":{"rendered":"<p>Die aktuelle Saison ist noch nicht zu Ende, da richtet sich der Blick schon jetzt auf die neue Spielzeit. In der Saison 2022\/2023 gehen wir wieder mit drei Seniorenmannschaften und [&hellip;]<\/p>\n","protected":false},"author":2,"featured_media":2510,"comment_status":"closed","ping_status":"open","sticky":false,"template":"","format":"standard","meta":{"_jetpack_memberships_contains_paid_content":false,"footnotes":""},"categories":[30,1,45],"tags":[],"class_list":["post-2511","post","type-post","status-publish","format-standard","has-post-thumbnail","hentry","category-1-mannschaft","category-allgemein","category-frauen"],"jetpack_sharing_enabled":true,"jetpack_featured_media_url":"https:\/\/sv-koerne83.de\/wordpress\/wp-content\/uploads\/2022\/05\/23CC79EC-D0F1-45E9-868B-FD5266D47BB5.jpeg","_links":{"self":[{"href":"https:\/\/sv-koerne83.de\/wordpress\/wp-json\/wp\/v2\/posts\/2511","targetHints":{"allow":["GET"]}}],"collection":[{"href":"https:\/\/sv-koerne83.de\/wordpress\/wp-json\/wp\/v2\/posts"}],"about":[{"href":"https:\/\/sv-koerne83.de\/wordpress\/wp-json\/wp\/v2\/types\/post"}],"author":[{"embeddable":true,"href":"https:\/\/sv-koerne83.de\/wordpress\/wp-json\/wp\/v2\/users\/2"}],"replies":[{"embeddable":true,"href":"https:\/\/sv-koerne83.de\/wordpress\/wp-json\/wp\/v2\/comments?post=2511"}],"version-history":[{"count":1,"href":"https:\/\/sv-koerne83.de\/wordpress\/wp-json\/wp\/v2\/posts\/2511\/revisions"}],"predecessor-version":[{"id":2512,"href":"https:\/\/sv-koerne83.de\/wordpress\/wp-json\/wp\/v2\/posts\/2511\/revisions\/2512"}],"wp:featuredmedia":[{"embeddable":true,"href":"https:\/\/sv-koerne83.de\/wordpress\/wp-json\/wp\/v2\/media\/2510"}],"wp:attachment":[{"href":"https:\/\/sv-koerne83.de\/wordpress\/wp-json\/wp\/v2\/media?parent=2511"}],"wp:term":[{"taxonomy":"category","embeddable":true,"href":"https:\/\/sv-koerne83.de\/wordpress\/wp-json\/wp\/v2\/categories?post=2511"},{"taxonomy":"post_tag","embeddable":true,"href":"https:\/\/sv-koerne83.de\/wordpress\/wp-json\/wp\/v2\/tags?post=2511"}],"curies":[{"name":"wp","href":"https:\/\/api.w.org\/{rel}","templated":true}]}}