{"id":2520,"date":"2022-05-27T09:40:39","date_gmt":"2022-05-27T07:40:39","guid":{"rendered":"https:\/\/sv-koerne83.de\/wordpress\/?p=2520"},"modified":"2022-05-27T09:40:39","modified_gmt":"2022-05-27T07:40:39","slug":"e-jugend-wird-zweiter-beim-vatertagsturnier","status":"publish","type":"post","link":"https:\/\/sv-koerne83.de\/wordpress\/2022\/05\/27\/e-jugend-wird-zweiter-beim-vatertagsturnier\/","title":{"rendered":"E-Jugend wird Zweiter beim Vatertagsturnier"},"content":{"rendered":"\n<p>Beim hochkar\u00e4tig besetzten Vatertagsturnier auf der Anlage der DJK Sportfreunde Nette belegte die E-Jugend des SV K\u00f6rne 83 eine tollen zweiten Platz.<\/p>\n\n\n\n<p>Die Mannschaft von Andreas Lorenz traf in der \u201eTodesgruppe\u201c A auf die Spielvereinigung Erkenschwick, den SC Bochum-Weitmar 45, DSC Wanne-Eickel und den Dortmunder Sonderligisten DJK SF Nette. In hartumk\u00e4mpften Matches konnte sich die Mannschaft, die zuvor noch nie in dieser Formation zusammenspielte, als Gruppenzweiter f\u00fcr das Halbfinale qualifizieren. Dort traf man auf den Erstplatzieren der Gruppe B, SuS Waltrop, und zog mit einem \u00fcberzeugenden 2:0 in das Finale ein. Im Endspiel gab es dann ein Wiedersehen mit dem spielstarken Turnierfavoriten DSC Wanne-Eickel, gegen den man in der Gruppenphase noch 0:2 unterlag. Es wurden noch einmal alle Kr\u00e4fte mobilisiert. Der schnelle R\u00fcckstand konnte durch einen sehenswerten Konter zum 1:1 egalisiert werden. Als dann alle schon mit einem Elfmeterschie\u00dfen rechneten gelang Wanne-Eickel nach einem weiten Einwurf mit dem Schlusspfiff noch der gl\u00fcckliche Siegtreffer.&nbsp;<\/p>\n\n\n\n<p>Nachdem die Tr\u00e4nen der Entt\u00e4uschung bei den K\u00f6rner Jungs getrocknet waren, konnten sie sich \u00fcber den Pokal f\u00fcr den zweiten Platz und ihre starke Turnierleistung dann doch noch freuen. Ein Erfolg, der Lust auf mehr macht.<\/p>\n","protected":false},"excerpt":{"rendered":"<p>Beim hochkar\u00e4tig besetzten Vatertagsturnier auf der Anlage der DJK Sportfreunde Nette belegte die E-Jugend des SV K\u00f6rne 83 eine tollen zweiten Platz. Die Mannschaft von Andreas Lorenz traf in der [&hellip;]<\/p>\n","protected":false},"author":2,"featured_media":2519,"comment_status":"closed","ping_status":"open","sticky":false,"template":"","format":"standard","meta":{"_jetpack_memberships_contains_paid_content":false,"footnotes":""},"categories":[1,35],"tags":[],"class_list":["post-2520","post","type-post","status-publish","format-standard","has-post-thumbnail","hentry","category-allgemein","category-jugend"],"jetpack_sharing_enabled":true,"jetpack_featured_media_url":"https:\/\/sv-koerne83.de\/wordpress\/wp-content\/uploads\/2022\/05\/B493EE88-5C5A-4B81-8946-DBCECED41567.jpeg","_links":{"self":[{"href":"https:\/\/sv-koerne83.de\/wordpress\/wp-json\/wp\/v2\/posts\/2520","targetHints":{"allow":["GET"]}}],"collection":[{"href":"https:\/\/sv-koerne83.de\/wordpress\/wp-json\/wp\/v2\/posts"}],"about":[{"href":"https:\/\/sv-koerne83.de\/wordpress\/wp-json\/wp\/v2\/types\/post"}],"author":[{"embeddable":true,"href":"https:\/\/sv-koerne83.de\/wordpress\/wp-json\/wp\/v2\/users\/2"}],"replies":[{"embeddable":true,"href":"https:\/\/sv-koerne83.de\/wordpress\/wp-json\/wp\/v2\/comments?post=2520"}],"version-history":[{"count":1,"href":"https:\/\/sv-koerne83.de\/wordpress\/wp-json\/wp\/v2\/posts\/2520\/revisions"}],"predecessor-version":[{"id":2521,"href":"https:\/\/sv-koerne83.de\/wordpress\/wp-json\/wp\/v2\/posts\/2520\/revisions\/2521"}],"wp:featuredmedia":[{"embeddable":true,"href":"https:\/\/sv-koerne83.de\/wordpress\/wp-json\/wp\/v2\/media\/2519"}],"wp:attachment":[{"href":"https:\/\/sv-koerne83.de\/wordpress\/wp-json\/wp\/v2\/media?parent=2520"}],"wp:term":[{"taxonomy":"category","embeddable":true,"href":"https:\/\/sv-koerne83.de\/wordpress\/wp-json\/wp\/v2\/categories?post=2520"},{"taxonomy":"post_tag","embeddable":true,"href":"https:\/\/sv-koerne83.de\/wordpress\/wp-json\/wp\/v2\/tags?post=2520"}],"curies":[{"name":"wp","href":"https:\/\/api.w.org\/{rel}","templated":true}]}}