{"id":2524,"date":"2022-06-01T13:04:56","date_gmt":"2022-06-01T11:04:56","guid":{"rendered":"https:\/\/sv-koerne83.de\/wordpress\/?p=2524"},"modified":"2022-06-01T13:04:57","modified_gmt":"2022-06-01T11:04:57","slug":"maedchenfussball-ab-dem-13-06-2022","status":"publish","type":"post","link":"https:\/\/sv-koerne83.de\/wordpress\/2022\/06\/01\/maedchenfussball-ab-dem-13-06-2022\/","title":{"rendered":"M\u00e4dchenfu\u00dfball ab dem 13.06.2022"},"content":{"rendered":"\n<p>Wir starten wieder mit M\u00e4dchenfu\u00dfball! Der SV K\u00f6rne wird ab dem 13.06.2022 wieder Fu\u00dfballtraining f\u00fcr M\u00e4dchen ab 12 Jahre anbieten. Das Training findet vorerst einmal in der Woche (Montag) von 16.30 Uhr bis 18.00 Uhr statt. Egal, ob du schonmal gespielt hast oder neu anfangen m\u00f6chtest &#8211; jedes M\u00e4dchen ist herzlich eingeladen. Wenn du Interesse hast, komm einfach vorbei oder schreibe uns vorher an.<\/p>\n","protected":false},"excerpt":{"rendered":"<p>Wir starten wieder mit M\u00e4dchenfu\u00dfball! Der SV K\u00f6rne wird ab dem 13.06.2022 wieder Fu\u00dfballtraining f\u00fcr M\u00e4dchen ab 12 Jahre anbieten. Das Training findet vorerst einmal in der Woche (Montag) von [&hellip;]<\/p>\n","protected":false},"author":2,"featured_media":2523,"comment_status":"closed","ping_status":"open","sticky":false,"template":"","format":"standard","meta":{"_jetpack_memberships_contains_paid_content":false,"footnotes":""},"categories":[1,35],"tags":[],"class_list":["post-2524","post","type-post","status-publish","format-standard","has-post-thumbnail","hentry","category-allgemein","category-jugend"],"jetpack_sharing_enabled":true,"jetpack_featured_media_url":"https:\/\/sv-koerne83.de\/wordpress\/wp-content\/uploads\/2022\/06\/SVK_Spielerinnen_Maedchen_2022_20232-scaled.jpg","_links":{"self":[{"href":"https:\/\/sv-koerne83.de\/wordpress\/wp-json\/wp\/v2\/posts\/2524","targetHints":{"allow":["GET"]}}],"collection":[{"href":"https:\/\/sv-koerne83.de\/wordpress\/wp-json\/wp\/v2\/posts"}],"about":[{"href":"https:\/\/sv-koerne83.de\/wordpress\/wp-json\/wp\/v2\/types\/post"}],"author":[{"embeddable":true,"href":"https:\/\/sv-koerne83.de\/wordpress\/wp-json\/wp\/v2\/users\/2"}],"replies":[{"embeddable":true,"href":"https:\/\/sv-koerne83.de\/wordpress\/wp-json\/wp\/v2\/comments?post=2524"}],"version-history":[{"count":1,"href":"https:\/\/sv-koerne83.de\/wordpress\/wp-json\/wp\/v2\/posts\/2524\/revisions"}],"predecessor-version":[{"id":2525,"href":"https:\/\/sv-koerne83.de\/wordpress\/wp-json\/wp\/v2\/posts\/2524\/revisions\/2525"}],"wp:featuredmedia":[{"embeddable":true,"href":"https:\/\/sv-koerne83.de\/wordpress\/wp-json\/wp\/v2\/media\/2523"}],"wp:attachment":[{"href":"https:\/\/sv-koerne83.de\/wordpress\/wp-json\/wp\/v2\/media?parent=2524"}],"wp:term":[{"taxonomy":"category","embeddable":true,"href":"https:\/\/sv-koerne83.de\/wordpress\/wp-json\/wp\/v2\/categories?post=2524"},{"taxonomy":"post_tag","embeddable":true,"href":"https:\/\/sv-koerne83.de\/wordpress\/wp-json\/wp\/v2\/tags?post=2524"}],"curies":[{"name":"wp","href":"https:\/\/api.w.org\/{rel}","templated":true}]}}